{"id":7169,"date":"2022-12-22T00:36:52","date_gmt":"2022-12-21T23:36:52","guid":{"rendered":"http:\/\/blogg.varldenidag.se\/musik\/?p=7169"},"modified":"2022-12-15T15:50:08","modified_gmt":"2022-12-15T14:50:08","slug":"topp-22-2022-plats-10","status":"publish","type":"post","link":"http:\/\/blogg.varldenidag.se\/musik\/topp-22-2022-plats-10\/","title":{"rendered":"Topp 22 2022: Plats 10"},"content":{"rendered":"<p><strong>Plats 10: Esther Collective &amp; Jeanette Alfredsson \u2013 \u201dPsalm 61 (H\u00f6gre \u00c4n Jag)\u201d<\/strong><\/p>\n<p>F\u00f6lj med oss n\u00e4r vi r\u00e4knar ner \u00e5rets b\u00e4sta l\u00e5tar i v\u00e5r topplista Topp 22 2022! En ny l\u00e5t, varje dag \u2013 hela v\u00e4gen fram till ny\u00e5rsafton.<\/p>\n<p>En svensk l\u00e5t som verkligen gick rakt in i v\u00e5ra hj\u00e4rtan var denna, ett samarbete mellan tv\u00e5 duktiga akter som tillsammans bj\u00f6d p\u00e5 en fantastiskt vacker och inspirerande s\u00e5ng. En s\u00e5n d\u00e4r s\u00e5ng som vi nog var m\u00e5nga som beh\u00f6vde h\u00f6ra under det h\u00e4r i \u00f6vrigt, p\u00e5 m\u00e5nga s\u00e4tt, m\u00f6rka 2022.<\/p>\n<div class=\"video-container\"><iframe loading=\"lazy\" title=\"Psalm 61 (Ho\u0308gre a\u0308n jag)\" width=\"500\" height=\"375\" src=\"https:\/\/www.youtube.com\/embed\/Rdx0iK84O1U?feature=oembed\" frameborder=\"0\" allow=\"accelerometer; autoplay; clipboard-write; encrypted-media; gyroscope; picture-in-picture; web-share\" referrerpolicy=\"strict-origin-when-cross-origin\" allowfullscreen><\/iframe><\/div>\n","protected":false},"excerpt":{"rendered":"<p>Plats 10: Esther Collective &amp; Jeanette Alfredsson \u2013 \u201dPsalm 61 (H\u00f6gre \u00c4n Jag)\u201d F\u00f6lj med oss n\u00e4r vi r\u00e4knar ner \u00e5rets b\u00e4sta l\u00e5tar i v\u00e5r topplista Topp [&hellip;]<\/p>\n","protected":false},"author":15,"featured_media":0,"comment_status":"open","ping_status":"open","sticky":false,"template":"","format":"standard","meta":{"footnotes":"","_links_to":"","_links_to_target":""},"categories":[1],"tags":[],"class_list":["post-7169","post","type-post","status-publish","format-standard","hentry","category-musik"],"_links":{"self":[{"href":"http:\/\/blogg.varldenidag.se\/musik\/wp-json\/wp\/v2\/posts\/7169","targetHints":{"allow":["GET"]}}],"collection":[{"href":"http:\/\/blogg.varldenidag.se\/musik\/wp-json\/wp\/v2\/posts"}],"about":[{"href":"http:\/\/blogg.varldenidag.se\/musik\/wp-json\/wp\/v2\/types\/post"}],"author":[{"embeddable":true,"href":"http:\/\/blogg.varldenidag.se\/musik\/wp-json\/wp\/v2\/users\/15"}],"replies":[{"embeddable":true,"href":"http:\/\/blogg.varldenidag.se\/musik\/wp-json\/wp\/v2\/comments?post=7169"}],"version-history":[{"count":2,"href":"http:\/\/blogg.varldenidag.se\/musik\/wp-json\/wp\/v2\/posts\/7169\/revisions"}],"predecessor-version":[{"id":7177,"href":"http:\/\/blogg.varldenidag.se\/musik\/wp-json\/wp\/v2\/posts\/7169\/revisions\/7177"}],"wp:attachment":[{"href":"http:\/\/blogg.varldenidag.se\/musik\/wp-json\/wp\/v2\/media?parent=7169"}],"wp:term":[{"taxonomy":"category","embeddable":true,"href":"http:\/\/blogg.varldenidag.se\/musik\/wp-json\/wp\/v2\/categories?post=7169"},{"taxonomy":"post_tag","embeddable":true,"href":"http:\/\/blogg.varldenidag.se\/musik\/wp-json\/wp\/v2\/tags?post=7169"}],"curies":[{"name":"wp","href":"https:\/\/api.w.org\/{rel}","templated":true}]}}