{"id":7110,"date":"2022-12-01T00:27:42","date_gmt":"2022-11-30T23:27:42","guid":{"rendered":"http:\/\/blogg.varldenidag.se\/musik\/?p=7110"},"modified":"2022-12-01T13:51:49","modified_gmt":"2022-12-01T12:51:49","slug":"julen-borjar-har","status":"publish","type":"post","link":"http:\/\/blogg.varldenidag.se\/musik\/julen-borjar-har\/","title":{"rendered":"Julen b\u00f6rjar h\u00e4r!"},"content":{"rendered":"<p>P\u00e5 v\u00e5r Spotifyprofil\u00a0<strong>SOUNDSHINE\u00a0<\/strong>har vi laddat upp med mer jul \u00e4n n\u00e5gonsin tidigare! Julmusik i olika genrer, nytt och gammalt, svenskt och utl\u00e4ndskt \u2013 all ryms bland v\u00e5ra spellistor.<\/p>\n<p><a href=\"https:\/\/open.spotify.com\/user\/ik69lbz3bp6x9rfl5x29ofxkw?si=cdf22614e9b04687\">Klicka h\u00e4r f\u00f6r att komma till julens v\u00e4rld av spellistor!<\/a><\/p>\n<p>Eller s\u00f6k helt enkelt p\u00e5 Soundshine p\u00e5 Spotify.<\/p>\n<p><a href=\"https:\/\/glowingvibe.files.wordpress.com\/2022\/11\/julenborjarhar-2022.jpg\"><img loading=\"lazy\" decoding=\"async\" class=\" wp-image-6287 aligncenter\" src=\"https:\/\/glowingvibe.files.wordpress.com\/2022\/11\/julenborjarhar-2022.jpg?w=266\" alt=\"\" width=\"347\" height=\"390\" \/><\/a><\/p>\n<p>&nbsp;<\/p>\n","protected":false},"excerpt":{"rendered":"<p>P\u00e5 v\u00e5r Spotifyprofil\u00a0SOUNDSHINE\u00a0har vi laddat upp med mer jul \u00e4n n\u00e5gonsin tidigare! Julmusik i olika genrer, nytt och gammalt, svenskt och utl\u00e4ndskt \u2013 all ryms bland v\u00e5ra [&hellip;]<\/p>\n","protected":false},"author":15,"featured_media":0,"comment_status":"open","ping_status":"open","sticky":false,"template":"","format":"standard","meta":{"footnotes":"","_links_to":"","_links_to_target":""},"categories":[1],"tags":[],"class_list":["post-7110","post","type-post","status-publish","format-standard","hentry","category-musik"],"_links":{"self":[{"href":"http:\/\/blogg.varldenidag.se\/musik\/wp-json\/wp\/v2\/posts\/7110","targetHints":{"allow":["GET"]}}],"collection":[{"href":"http:\/\/blogg.varldenidag.se\/musik\/wp-json\/wp\/v2\/posts"}],"about":[{"href":"http:\/\/blogg.varldenidag.se\/musik\/wp-json\/wp\/v2\/types\/post"}],"author":[{"embeddable":true,"href":"http:\/\/blogg.varldenidag.se\/musik\/wp-json\/wp\/v2\/users\/15"}],"replies":[{"embeddable":true,"href":"http:\/\/blogg.varldenidag.se\/musik\/wp-json\/wp\/v2\/comments?post=7110"}],"version-history":[{"count":3,"href":"http:\/\/blogg.varldenidag.se\/musik\/wp-json\/wp\/v2\/posts\/7110\/revisions"}],"predecessor-version":[{"id":7115,"href":"http:\/\/blogg.varldenidag.se\/musik\/wp-json\/wp\/v2\/posts\/7110\/revisions\/7115"}],"wp:attachment":[{"href":"http:\/\/blogg.varldenidag.se\/musik\/wp-json\/wp\/v2\/media?parent=7110"}],"wp:term":[{"taxonomy":"category","embeddable":true,"href":"http:\/\/blogg.varldenidag.se\/musik\/wp-json\/wp\/v2\/categories?post=7110"},{"taxonomy":"post_tag","embeddable":true,"href":"http:\/\/blogg.varldenidag.se\/musik\/wp-json\/wp\/v2\/tags?post=7110"}],"curies":[{"name":"wp","href":"https:\/\/api.w.org\/{rel}","templated":true}]}}