{"id":7054,"date":"2022-11-08T00:22:18","date_gmt":"2022-11-07T23:22:18","guid":{"rendered":"http:\/\/blogg.varldenidag.se\/musik\/?p=7054"},"modified":"2022-10-31T10:32:32","modified_gmt":"2022-10-31T09:32:32","slug":"s-o-lagger-rapvarlden-under-sina-fotter","status":"publish","type":"post","link":"http:\/\/blogg.varldenidag.se\/musik\/s-o-lagger-rapvarlden-under-sina-fotter\/","title":{"rendered":"S.O. l\u00e4gger rapv\u00e4rlden under sina f\u00f6tter"},"content":{"rendered":"<p>Det b\u00f6rjar g\u00e5 ruskigt bra f\u00f6r den Nigeriaf\u00f6dda amerikanska rapparen <strong>S.O.\u00a0<\/strong>F\u00f6rutom att han formligen spottar ur sig l\u00e5tar, s\u00e5 s\u00e4ljer han ut turn\u00e9er och r\u00e4knar ihop sina streams i tiotals miljoner vid det h\u00e4r laget. Det \u00e4r inget snack om att\u00a0<strong>S.O.\u00a0<\/strong>g\u00e5tt fr\u00e5n doldis till \u201dthe next big thing\u201d inom hiphopen p\u00e5 kort tid. Men s\u00e5 \u00e4r han inte bara en fena p\u00e5 att rappa \u2013 han \u00e4r minst lika bra p\u00e5 att fylla sina l\u00e5tar med positiva budskap om hopp och Jesus \u2013 vad mer kan man beg\u00e4ra?<\/p>\n<p>En heads-up f\u00f6r alla hiphop\u00e4lskare, helt enkelt! Dessutom med ett rykande f\u00e4rskt album i ryggen \u2013 d\u00e4r denna l\u00e5t \u00e4r h\u00e4mtad fr\u00e5n.<\/p>\n<p><strong>Spotify-l\u00e4nk:\u00a0<\/strong><a href=\"https:\/\/open.spotify.com\/track\/2i3M0vsTucfgfJYbo7hSia?si=50c086f563814ded\">https:\/\/open.spotify.com\/track\/2i3M0vsTucfgfJYbo7hSia?si=50c086f563814ded<\/a><\/p>\n<div class=\"video-container\"><iframe loading=\"lazy\" title=\"S.O. - MAKE IT MAKE SENSE (Lyric Video)\" width=\"500\" height=\"281\" src=\"https:\/\/www.youtube.com\/embed\/ZOdyODosi20?feature=oembed\" frameborder=\"0\" allow=\"accelerometer; autoplay; clipboard-write; encrypted-media; gyroscope; picture-in-picture; web-share\" referrerpolicy=\"strict-origin-when-cross-origin\" allowfullscreen><\/iframe><\/div>\n","protected":false},"excerpt":{"rendered":"<p>Det b\u00f6rjar g\u00e5 ruskigt bra f\u00f6r den Nigeriaf\u00f6dda amerikanska rapparen S.O.\u00a0F\u00f6rutom att han formligen spottar ur sig l\u00e5tar, s\u00e5 s\u00e4ljer han ut turn\u00e9er och r\u00e4knar ihop sina [&hellip;]<\/p>\n","protected":false},"author":15,"featured_media":0,"comment_status":"open","ping_status":"open","sticky":false,"template":"","format":"standard","meta":{"footnotes":"","_links_to":"","_links_to_target":""},"categories":[1],"tags":[],"class_list":["post-7054","post","type-post","status-publish","format-standard","hentry","category-musik"],"_links":{"self":[{"href":"http:\/\/blogg.varldenidag.se\/musik\/wp-json\/wp\/v2\/posts\/7054","targetHints":{"allow":["GET"]}}],"collection":[{"href":"http:\/\/blogg.varldenidag.se\/musik\/wp-json\/wp\/v2\/posts"}],"about":[{"href":"http:\/\/blogg.varldenidag.se\/musik\/wp-json\/wp\/v2\/types\/post"}],"author":[{"embeddable":true,"href":"http:\/\/blogg.varldenidag.se\/musik\/wp-json\/wp\/v2\/users\/15"}],"replies":[{"embeddable":true,"href":"http:\/\/blogg.varldenidag.se\/musik\/wp-json\/wp\/v2\/comments?post=7054"}],"version-history":[{"count":2,"href":"http:\/\/blogg.varldenidag.se\/musik\/wp-json\/wp\/v2\/posts\/7054\/revisions"}],"predecessor-version":[{"id":7068,"href":"http:\/\/blogg.varldenidag.se\/musik\/wp-json\/wp\/v2\/posts\/7054\/revisions\/7068"}],"wp:attachment":[{"href":"http:\/\/blogg.varldenidag.se\/musik\/wp-json\/wp\/v2\/media?parent=7054"}],"wp:term":[{"taxonomy":"category","embeddable":true,"href":"http:\/\/blogg.varldenidag.se\/musik\/wp-json\/wp\/v2\/categories?post=7054"},{"taxonomy":"post_tag","embeddable":true,"href":"http:\/\/blogg.varldenidag.se\/musik\/wp-json\/wp\/v2\/tags?post=7054"}],"curies":[{"name":"wp","href":"https:\/\/api.w.org\/{rel}","templated":true}]}}