{"id":7000,"date":"2022-10-09T00:09:53","date_gmt":"2022-10-08T22:09:53","guid":{"rendered":"http:\/\/blogg.varldenidag.se\/musik\/?p=7000"},"modified":"2022-10-04T11:32:15","modified_gmt":"2022-10-04T09:32:15","slug":"berorande-ny-lat-fran-stakset","status":"publish","type":"post","link":"http:\/\/blogg.varldenidag.se\/musik\/berorande-ny-lat-fran-stakset\/","title":{"rendered":"Ber\u00f6rande ny l\u00e5t fr\u00e5n Stakset"},"content":{"rendered":"<p>Nerven och k\u00e4nslan finns ofta d\u00e4r n\u00e4r\u00a0<strong>Sebastian Stakset\u00a0<\/strong>sl\u00e4pper ny musik, men hans nya\u00a0<em>\u201dBl\u00f6der fr\u00e5n sj\u00e4len\u201d\u00a0<\/em>\u00e4r tvekl\u00f6st n\u00e5got lite extra. L\u00e5ten \u00e4r som ett enda l\u00e5ngt dagboksinl\u00e4gg om sorg, saknad, hoppl\u00f6shet, hopp och tro \u2013 allt i samma f\u00f6rpackning. Som ett brev direkt fr\u00e5n den bistra verkligheten, men d\u00e4r ljuset \u00e4nd\u00e5 segrar i slut\u00e4ndan.<\/p>\n<p>Hur bra \u00e4r inte detta? Tack \u201dSebbe\u201d f\u00f6r \u00e4nnu en superl\u00e5t!<\/p>\n<p><strong>Spotify-l\u00e4nk:\u00a0<\/strong><a href=\"https:\/\/open.spotify.com\/track\/1khruC7lTyH8MPLx1VYxYE?si=845436ae54824a1c\">https:\/\/open.spotify.com\/track\/1khruC7lTyH8MPLx1VYxYE?si=845436ae54824a1c<\/a><\/p>\n<div class=\"video-container\"><iframe loading=\"lazy\" title=\"Sebastian Stakset x 23 - BL\u00d6DER FR\u00c5N SJ\u00c4LEN (officiell lyric video) | @sebastianstakset85\" width=\"500\" height=\"281\" src=\"https:\/\/www.youtube.com\/embed\/SxkaLOxelGk?feature=oembed\" frameborder=\"0\" allow=\"accelerometer; autoplay; clipboard-write; encrypted-media; gyroscope; picture-in-picture; web-share\" referrerpolicy=\"strict-origin-when-cross-origin\" allowfullscreen><\/iframe><\/div>\n","protected":false},"excerpt":{"rendered":"<p>Nerven och k\u00e4nslan finns ofta d\u00e4r n\u00e4r\u00a0Sebastian Stakset\u00a0sl\u00e4pper ny musik, men hans nya\u00a0\u201dBl\u00f6der fr\u00e5n sj\u00e4len\u201d\u00a0\u00e4r tvekl\u00f6st n\u00e5got lite extra. L\u00e5ten \u00e4r som ett enda l\u00e5ngt dagboksinl\u00e4gg om [&hellip;]<\/p>\n","protected":false},"author":15,"featured_media":0,"comment_status":"open","ping_status":"open","sticky":false,"template":"","format":"standard","meta":{"footnotes":"","_links_to":"","_links_to_target":""},"categories":[1],"tags":[],"class_list":["post-7000","post","type-post","status-publish","format-standard","hentry","category-musik"],"_links":{"self":[{"href":"http:\/\/blogg.varldenidag.se\/musik\/wp-json\/wp\/v2\/posts\/7000","targetHints":{"allow":["GET"]}}],"collection":[{"href":"http:\/\/blogg.varldenidag.se\/musik\/wp-json\/wp\/v2\/posts"}],"about":[{"href":"http:\/\/blogg.varldenidag.se\/musik\/wp-json\/wp\/v2\/types\/post"}],"author":[{"embeddable":true,"href":"http:\/\/blogg.varldenidag.se\/musik\/wp-json\/wp\/v2\/users\/15"}],"replies":[{"embeddable":true,"href":"http:\/\/blogg.varldenidag.se\/musik\/wp-json\/wp\/v2\/comments?post=7000"}],"version-history":[{"count":2,"href":"http:\/\/blogg.varldenidag.se\/musik\/wp-json\/wp\/v2\/posts\/7000\/revisions"}],"predecessor-version":[{"id":7031,"href":"http:\/\/blogg.varldenidag.se\/musik\/wp-json\/wp\/v2\/posts\/7000\/revisions\/7031"}],"wp:attachment":[{"href":"http:\/\/blogg.varldenidag.se\/musik\/wp-json\/wp\/v2\/media?parent=7000"}],"wp:term":[{"taxonomy":"category","embeddable":true,"href":"http:\/\/blogg.varldenidag.se\/musik\/wp-json\/wp\/v2\/categories?post=7000"},{"taxonomy":"post_tag","embeddable":true,"href":"http:\/\/blogg.varldenidag.se\/musik\/wp-json\/wp\/v2\/tags?post=7000"}],"curies":[{"name":"wp","href":"https:\/\/api.w.org\/{rel}","templated":true}]}}