{"id":6971,"date":"2022-09-20T21:33:32","date_gmt":"2022-09-20T19:33:32","guid":{"rendered":"http:\/\/blogg.varldenidag.se\/musik\/?p=6971"},"modified":"2022-09-08T14:32:26","modified_gmt":"2022-09-08T12:32:26","slug":"spellistan-for-skoldagen","status":"publish","type":"post","link":"http:\/\/blogg.varldenidag.se\/musik\/spellistan-for-skoldagen\/","title":{"rendered":"Spellistan f\u00f6r skoldagen!"},"content":{"rendered":"<p>Beh\u00f6ver du ha det b\u00e4sta s\u00e4llskapet n\u00e4r du pluggar, \u00e5ker till skolan eller bara vill chilla och samtidigt h\u00f6ra riktigt bra, ny musik? V\u00e5r spellista Vibe @ School \u00e4r det perfekta s\u00e4llskapet f\u00f6r dig, fylld med nya l\u00e5tar du kommer att \u00e4lska.<\/p>\n<p>F\u00f6lj spellistan f\u00f6r att inte missa n\u00e5gra nya sl\u00e4pp! Och kolla in SOUNDSHINE p\u00e5 Spotify f\u00f6r en hel v\u00e4rld av spellistor.<\/p>\n<div class=\"video-container\"><iframe title=\"Spotify Embed: @ School\" style=\"border-radius: 12px\" width=\"100%\" height=\"352\" frameborder=\"0\" allowfullscreen allow=\"autoplay; clipboard-write; encrypted-media; fullscreen; picture-in-picture\" loading=\"lazy\" src=\"https:\/\/open.spotify.com\/embed\/playlist\/7xwVHRlMvFjFHor1Bpd6b9?si=804cbe26ba7746e7&#038;utm_source=oembed\"><\/iframe><\/div>\n","protected":false},"excerpt":{"rendered":"<p>Beh\u00f6ver du ha det b\u00e4sta s\u00e4llskapet n\u00e4r du pluggar, \u00e5ker till skolan eller bara vill chilla och samtidigt h\u00f6ra riktigt bra, ny musik? V\u00e5r spellista Vibe @ [&hellip;]<\/p>\n","protected":false},"author":15,"featured_media":0,"comment_status":"open","ping_status":"open","sticky":false,"template":"","format":"standard","meta":{"footnotes":"","_links_to":"","_links_to_target":""},"categories":[1],"tags":[],"class_list":["post-6971","post","type-post","status-publish","format-standard","hentry","category-musik"],"_links":{"self":[{"href":"http:\/\/blogg.varldenidag.se\/musik\/wp-json\/wp\/v2\/posts\/6971","targetHints":{"allow":["GET"]}}],"collection":[{"href":"http:\/\/blogg.varldenidag.se\/musik\/wp-json\/wp\/v2\/posts"}],"about":[{"href":"http:\/\/blogg.varldenidag.se\/musik\/wp-json\/wp\/v2\/types\/post"}],"author":[{"embeddable":true,"href":"http:\/\/blogg.varldenidag.se\/musik\/wp-json\/wp\/v2\/users\/15"}],"replies":[{"embeddable":true,"href":"http:\/\/blogg.varldenidag.se\/musik\/wp-json\/wp\/v2\/comments?post=6971"}],"version-history":[{"count":2,"href":"http:\/\/blogg.varldenidag.se\/musik\/wp-json\/wp\/v2\/posts\/6971\/revisions"}],"predecessor-version":[{"id":6985,"href":"http:\/\/blogg.varldenidag.se\/musik\/wp-json\/wp\/v2\/posts\/6971\/revisions\/6985"}],"wp:attachment":[{"href":"http:\/\/blogg.varldenidag.se\/musik\/wp-json\/wp\/v2\/media?parent=6971"}],"wp:term":[{"taxonomy":"category","embeddable":true,"href":"http:\/\/blogg.varldenidag.se\/musik\/wp-json\/wp\/v2\/categories?post=6971"},{"taxonomy":"post_tag","embeddable":true,"href":"http:\/\/blogg.varldenidag.se\/musik\/wp-json\/wp\/v2\/tags?post=6971"}],"curies":[{"name":"wp","href":"https:\/\/api.w.org\/{rel}","templated":true}]}}