{"id":6955,"date":"2022-09-19T00:37:45","date_gmt":"2022-09-18T22:37:45","guid":{"rendered":"http:\/\/blogg.varldenidag.se\/musik\/?p=6955"},"modified":"2022-09-08T14:32:03","modified_gmt":"2022-09-08T12:32:03","slug":"hogklassig-och-radikal-lat-fran-zauntee","status":"publish","type":"post","link":"http:\/\/blogg.varldenidag.se\/musik\/hogklassig-och-radikal-lat-fran-zauntee\/","title":{"rendered":"H\u00f6gklassig och radikal l\u00e5t fr\u00e5n Zauntee"},"content":{"rendered":"<p>Vi har sagt det f\u00f6rut \u2013\u00a0<strong>Zauntee\u00a0<\/strong>\u00e4r n\u00e5got alldeles extra. Med risk f\u00f6r att bli tjatiga \u00e4r det l\u00e4ge att bara fastsl\u00e5 det ytterligare en g\u00e5ng, f\u00f6r den h\u00e4r unga Floridakillen \u00e4r inte bara en i m\u00e4ngden.<\/p>\n<p>Det har han redan visat p\u00e5 singlar som\u00a0<em>\u201dCenter stage\u201d\u00a0<\/em>och \u201d<em>Fanatic\u201d,\u00a0<\/em>men nu forts\u00e4tter han p\u00e5 samma inslagna sp\u00e5r med sin nya magnifika skapelse\u00a0<em>\u201dJesus called my name\u201d.\u00a0<\/em><strong>Zauntee\u00a0<\/strong>r\u00f6r sig i soulen och r\u2019n\u2019b-landskapen, men briljerar allra mest med sin oerh\u00f6rt h\u00f6ga niv\u00e5.<\/p>\n<p>Det h\u00e4r l\u00e5ter lika bra som det du annars brukar h\u00f6ra i profan radio eller p\u00e5 topplistorna \u2013 med det enda undantaget att\u00a0<strong>Zauntee\u00a0<\/strong>v\u00e4ljer att sjunga ut radikala budskap om sin tro p\u00e5 Jesus.<\/p>\n<p>Proffsigt, h\u00f6gklassigt, klistrande&#8230; tja, det finns m\u00e5nga ord som beskriver denna fantastiska l\u00e5t. Det finns egentligen bara en sak kvar att g\u00f6ra \u2013 lyssna sj\u00e4lv!<\/p>\n<p><strong>Spotify-l\u00e4nk:<\/strong><a href=\"https:\/\/open.spotify.com\/track\/749CMDRkLnWFXTYGT123S4?si=bc529bc87ff54cdc\">https:\/\/open.spotify.com\/track\/749CMDRkLnWFXTYGT123S4?si=bc529bc87ff54cdc<\/a><\/p>\n<div class=\"video-container\"><iframe loading=\"lazy\" title=\"Zauntee - Jesus Called My Name (Official Music Video)\" width=\"500\" height=\"281\" src=\"https:\/\/www.youtube.com\/embed\/W9Va70aCnD4?feature=oembed\" frameborder=\"0\" allow=\"accelerometer; autoplay; clipboard-write; encrypted-media; gyroscope; picture-in-picture; web-share\" referrerpolicy=\"strict-origin-when-cross-origin\" allowfullscreen><\/iframe><\/div>\n","protected":false},"excerpt":{"rendered":"<p>Vi har sagt det f\u00f6rut \u2013\u00a0Zauntee\u00a0\u00e4r n\u00e5got alldeles extra. Med risk f\u00f6r att bli tjatiga \u00e4r det l\u00e4ge att bara fastsl\u00e5 det ytterligare en g\u00e5ng, f\u00f6r den [&hellip;]<\/p>\n","protected":false},"author":15,"featured_media":0,"comment_status":"open","ping_status":"open","sticky":false,"template":"","format":"standard","meta":{"footnotes":"","_links_to":"","_links_to_target":""},"categories":[1],"tags":[],"class_list":["post-6955","post","type-post","status-publish","format-standard","hentry","category-musik"],"_links":{"self":[{"href":"http:\/\/blogg.varldenidag.se\/musik\/wp-json\/wp\/v2\/posts\/6955","targetHints":{"allow":["GET"]}}],"collection":[{"href":"http:\/\/blogg.varldenidag.se\/musik\/wp-json\/wp\/v2\/posts"}],"about":[{"href":"http:\/\/blogg.varldenidag.se\/musik\/wp-json\/wp\/v2\/types\/post"}],"author":[{"embeddable":true,"href":"http:\/\/blogg.varldenidag.se\/musik\/wp-json\/wp\/v2\/users\/15"}],"replies":[{"embeddable":true,"href":"http:\/\/blogg.varldenidag.se\/musik\/wp-json\/wp\/v2\/comments?post=6955"}],"version-history":[{"count":2,"href":"http:\/\/blogg.varldenidag.se\/musik\/wp-json\/wp\/v2\/posts\/6955\/revisions"}],"predecessor-version":[{"id":6984,"href":"http:\/\/blogg.varldenidag.se\/musik\/wp-json\/wp\/v2\/posts\/6955\/revisions\/6984"}],"wp:attachment":[{"href":"http:\/\/blogg.varldenidag.se\/musik\/wp-json\/wp\/v2\/media?parent=6955"}],"wp:term":[{"taxonomy":"category","embeddable":true,"href":"http:\/\/blogg.varldenidag.se\/musik\/wp-json\/wp\/v2\/categories?post=6955"},{"taxonomy":"post_tag","embeddable":true,"href":"http:\/\/blogg.varldenidag.se\/musik\/wp-json\/wp\/v2\/tags?post=6955"}],"curies":[{"name":"wp","href":"https:\/\/api.w.org\/{rel}","templated":true}]}}