{"id":694,"date":"2012-10-12T17:00:07","date_gmt":"2012-10-12T15:00:07","guid":{"rendered":"http:\/\/blogg.varldenidag.se\/musik\/?p=694"},"modified":"2019-11-05T11:54:04","modified_gmt":"2019-11-05T10:54:04","slug":"recension-stark-debut-av-esther-e","status":"publish","type":"post","link":"http:\/\/blogg.varldenidag.se\/musik\/recension-stark-debut-av-esther-e\/","title":{"rendered":"RECENSION: Stark debut av Esther E"},"content":{"rendered":"<p><a href=\"http:\/\/blogg.varldenidag.se\/musik\/files\/2012\/10\/wonderful_broken_place.jpg\"><img loading=\"lazy\" decoding=\"async\" class=\"alignright size-full wp-image-698\" src=\"http:\/\/blogg.varldenidag.se\/musik\/files\/2012\/10\/wonderful_broken_place.jpg\" alt=\"\" width=\"200\" height=\"200\" srcset=\"http:\/\/blogg.varldenidag.se\/musik\/files\/2012\/10\/wonderful_broken_place.jpg 200w, http:\/\/blogg.varldenidag.se\/musik\/files\/2012\/10\/wonderful_broken_place-150x150.jpg 150w\" sizes=\"auto, (max-width: 200px) 100vw, 200px\" \/><\/a>Nyligen sl\u00e4ppte<strong> Esther E <\/strong>sin debutskiva <em>Wonderful Broken Place<\/em>. Personen bakom artistnamnet \u00e4r Ther\u00e9se B\u00f6rjesson som g\u00f6r entr\u00e9 i skivbranschen med sin souliga st\u00e4mma. Hennes musik har beskrivits som en blandning av <strong>India.Arie<\/strong> och <strong>Stina Nordenstam<\/strong>. Och jag kan h\u00e5lla med.<\/p>\n<p>Ther\u00e9se \u00e4r en flitig dagboksskrivare och s\u00e5ngtexterna bygger till stor del p\u00e5 dessa anteckningar. Som lyssnare blir man d\u00e4rf\u00f6r inbjuden att f\u00f6lja med p\u00e5 en resa, in i hennes v\u00e4rld. Ett genomg\u00e5ende tema textm\u00e4ssig, \u00e4r s\u00f6kandet efter det sanna och best\u00e5ende. Det \u00e4r v\u00e4lskrivet och tankev\u00e4ckande.<\/p>\n<p>Vid produktionen har hon tagit hj\u00e4lp av sin bror <strong>Paul B\u00f6rjesson (Bengt Johansson, Erik Tilling)<\/strong>. Tillsammans har de skapat en skiva med egen s\u00e4rpr\u00e4gel och ett sound som f\u00e5r en att stanna upp. En skiva som, trots att den \u00e4r vemodig emellan\u00e5t, andas hopp.<\/p>\n<p>B\u00e4sta sp\u00e5r: \u201dCloudy days\u201d och \u201dStuck with me\u201d<\/p>\n<p>_______________________<br \/>\nSkivan finns att lyssna p\u00e5 <a href=\"http:\/\/open.spotify.com\/album\/4hlaAvn6EMsTZ3zukHJ2I8\" target=\"_blank\" rel=\"noopener\">h\u00e4r<\/a>.<\/p>\n","protected":false},"excerpt":{"rendered":"<p>Nyligen sl\u00e4ppte Esther E sin debutskiva Wonderful Broken Place. Personen bakom artistnamnet \u00e4r Ther\u00e9se B\u00f6rjesson som g\u00f6r entr\u00e9 i skivbranschen med sin souliga st\u00e4mma. Hennes musik har [&hellip;]<\/p>\n","protected":false},"author":14,"featured_media":0,"comment_status":"open","ping_status":"open","sticky":false,"template":"","format":"standard","meta":{"footnotes":"","_links_to":"","_links_to_target":""},"categories":[1,171],"tags":[162,168,167,169,165,170],"class_list":["post-694","post","type-post","status-publish","format-standard","hentry","category-musik","category-recensioner","tag-bengt-johansson","tag-erik-tilling","tag-esther-e","tag-india-arie","tag-paul-borjesson","tag-stina-nordenstam"],"_links":{"self":[{"href":"http:\/\/blogg.varldenidag.se\/musik\/wp-json\/wp\/v2\/posts\/694","targetHints":{"allow":["GET"]}}],"collection":[{"href":"http:\/\/blogg.varldenidag.se\/musik\/wp-json\/wp\/v2\/posts"}],"about":[{"href":"http:\/\/blogg.varldenidag.se\/musik\/wp-json\/wp\/v2\/types\/post"}],"author":[{"embeddable":true,"href":"http:\/\/blogg.varldenidag.se\/musik\/wp-json\/wp\/v2\/users\/14"}],"replies":[{"embeddable":true,"href":"http:\/\/blogg.varldenidag.se\/musik\/wp-json\/wp\/v2\/comments?post=694"}],"version-history":[{"count":12,"href":"http:\/\/blogg.varldenidag.se\/musik\/wp-json\/wp\/v2\/posts\/694\/revisions"}],"predecessor-version":[{"id":4525,"href":"http:\/\/blogg.varldenidag.se\/musik\/wp-json\/wp\/v2\/posts\/694\/revisions\/4525"}],"wp:attachment":[{"href":"http:\/\/blogg.varldenidag.se\/musik\/wp-json\/wp\/v2\/media?parent=694"}],"wp:term":[{"taxonomy":"category","embeddable":true,"href":"http:\/\/blogg.varldenidag.se\/musik\/wp-json\/wp\/v2\/categories?post=694"},{"taxonomy":"post_tag","embeddable":true,"href":"http:\/\/blogg.varldenidag.se\/musik\/wp-json\/wp\/v2\/tags?post=694"}],"curies":[{"name":"wp","href":"https:\/\/api.w.org\/{rel}","templated":true}]}}