{"id":6923,"date":"2022-08-14T23:54:18","date_gmt":"2022-08-14T21:54:18","guid":{"rendered":"http:\/\/blogg.varldenidag.se\/musik\/?p=6923"},"modified":"2022-08-14T23:54:18","modified_gmt":"2022-08-14T21:54:18","slug":"spellistan-for-hela-arbetsdagen-2","status":"publish","type":"post","link":"http:\/\/blogg.varldenidag.se\/musik\/spellistan-for-hela-arbetsdagen-2\/","title":{"rendered":"Spellistan f\u00f6r hela arbetsdagen!"},"content":{"rendered":"<p>Tillbaka p\u00e5 jobbet igen efter semestern? Misstr\u00f6sta icke! Vi har en spellista som \u00e4r skr\u00e4ddarsydd f\u00f6r att g\u00f6ra din arbetsdag b\u00e5de l\u00e4ttare och roligare, fylld av den b\u00e4sta nya musiken i en h\u00e4rlig mix. \u00c5tta timmar l\u00e5ng, s\u00e5 att du har bra musik hela arbetsdagen l\u00e5ng. Och det b\u00e4sta av allt? Den uppdateras varje vecka med ett g\u00e4ng nya l\u00e5tar!<\/p>\n<p>F\u00f6lj spellistan f\u00f6r att se till att din arbetsdag blir s\u00e5 mycket roligare!<\/p>\n<div class=\"video-container\"><iframe title=\"Spotify Embed: P\u00e5 jobbet\" style=\"border-radius: 12px\" width=\"100%\" height=\"352\" frameborder=\"0\" allowfullscreen allow=\"autoplay; clipboard-write; encrypted-media; fullscreen; picture-in-picture\" loading=\"lazy\" src=\"https:\/\/open.spotify.com\/embed\/playlist\/0tu9AbAibH3F9OShZtehyk?si=e0212848892241a0&#038;utm_source=oembed\"><\/iframe><\/div>\n","protected":false},"excerpt":{"rendered":"<p>Tillbaka p\u00e5 jobbet igen efter semestern? Misstr\u00f6sta icke! Vi har en spellista som \u00e4r skr\u00e4ddarsydd f\u00f6r att g\u00f6ra din arbetsdag b\u00e5de l\u00e4ttare och roligare, fylld av den [&hellip;]<\/p>\n","protected":false},"author":15,"featured_media":0,"comment_status":"open","ping_status":"open","sticky":false,"template":"","format":"standard","meta":{"footnotes":"","_links_to":"","_links_to_target":""},"categories":[1],"tags":[],"class_list":["post-6923","post","type-post","status-publish","format-standard","hentry","category-musik"],"_links":{"self":[{"href":"http:\/\/blogg.varldenidag.se\/musik\/wp-json\/wp\/v2\/posts\/6923","targetHints":{"allow":["GET"]}}],"collection":[{"href":"http:\/\/blogg.varldenidag.se\/musik\/wp-json\/wp\/v2\/posts"}],"about":[{"href":"http:\/\/blogg.varldenidag.se\/musik\/wp-json\/wp\/v2\/types\/post"}],"author":[{"embeddable":true,"href":"http:\/\/blogg.varldenidag.se\/musik\/wp-json\/wp\/v2\/users\/15"}],"replies":[{"embeddable":true,"href":"http:\/\/blogg.varldenidag.se\/musik\/wp-json\/wp\/v2\/comments?post=6923"}],"version-history":[{"count":1,"href":"http:\/\/blogg.varldenidag.se\/musik\/wp-json\/wp\/v2\/posts\/6923\/revisions"}],"predecessor-version":[{"id":6924,"href":"http:\/\/blogg.varldenidag.se\/musik\/wp-json\/wp\/v2\/posts\/6923\/revisions\/6924"}],"wp:attachment":[{"href":"http:\/\/blogg.varldenidag.se\/musik\/wp-json\/wp\/v2\/media?parent=6923"}],"wp:term":[{"taxonomy":"category","embeddable":true,"href":"http:\/\/blogg.varldenidag.se\/musik\/wp-json\/wp\/v2\/categories?post=6923"},{"taxonomy":"post_tag","embeddable":true,"href":"http:\/\/blogg.varldenidag.se\/musik\/wp-json\/wp\/v2\/tags?post=6923"}],"curies":[{"name":"wp","href":"https:\/\/api.w.org\/{rel}","templated":true}]}}