{"id":6915,"date":"2022-08-26T00:09:17","date_gmt":"2022-08-25T22:09:17","guid":{"rendered":"http:\/\/blogg.varldenidag.se\/musik\/?p=6915"},"modified":"2022-08-18T11:36:25","modified_gmt":"2022-08-18T09:36:25","slug":"debuterar-med-stark-lovsang","status":"publish","type":"post","link":"http:\/\/blogg.varldenidag.se\/musik\/debuterar-med-stark-lovsang\/","title":{"rendered":"Debuterar med stark lovs\u00e5ng"},"content":{"rendered":"<p>Hur g\u00f6r man f\u00f6r att lyckas med att sl\u00e4ppa en urstark lovs\u00e5ng som sin debutl\u00e5t? Fr\u00e5ga\u00a0<strong>Jared Moses<\/strong>, som lyckas precis med detta med sin underbara l\u00e5t\u00a0<em>\u201dAmazing love\u201d.<\/em>\u00a0Riktigt det f\u00f6rsta sl\u00e4ppet \u00e4r det inte \u2013 vi r\u00e4knar bort hans jull\u00e5t som kom ifjol \u2013 men det h\u00e4r \u00e4r det f\u00f6rsta \u201driktiga\u201d sl\u00e4ppet och det s\u00e4tter ribban rej\u00e4lt h\u00f6gt.<\/p>\n<p><em>\u201dAmazing love\u201d\u00a0<\/em>\u00e4r en vacker och ber\u00f6rande s\u00e5ng, delvis baserad p\u00e5 klassiska \u201dAmazing grace\u201d, som \u00e4r en s\u00e5d\u00e4r bra l\u00e5t att man \u00f6nskar att fler ska f\u00e5 h\u00f6ra den. Hur bra l\u00e5ter inte detta? Vi l\u00e4ngtar redan till n\u00e4sta sl\u00e4pp!<\/p>\n<p><strong>Spotify-l\u00e4nk:\u00a0<\/strong><a href=\"https:\/\/open.spotify.com\/album\/3baktgxdXOE6VbKOySwSdV?si=5tqRwTC4T3S2urCh_SwJhA\">https:\/\/open.spotify.com\/album\/3baktgxdXOE6VbKOySwSdV?si=5tqRwTC4T3S2urCh_SwJhA<\/a><\/p>\n<p>https:\/\/www.youtube.com\/watch?v=neME-vjgz98<\/p>\n","protected":false},"excerpt":{"rendered":"<p>Hur g\u00f6r man f\u00f6r att lyckas med att sl\u00e4ppa en urstark lovs\u00e5ng som sin debutl\u00e5t? Fr\u00e5ga\u00a0Jared Moses, som lyckas precis med detta med sin underbara l\u00e5t\u00a0\u201dAmazing love\u201d.\u00a0Riktigt [&hellip;]<\/p>\n","protected":false},"author":15,"featured_media":0,"comment_status":"open","ping_status":"open","sticky":false,"template":"","format":"standard","meta":{"footnotes":"","_links_to":"","_links_to_target":""},"categories":[1],"tags":[],"class_list":["post-6915","post","type-post","status-publish","format-standard","hentry","category-musik"],"_links":{"self":[{"href":"http:\/\/blogg.varldenidag.se\/musik\/wp-json\/wp\/v2\/posts\/6915","targetHints":{"allow":["GET"]}}],"collection":[{"href":"http:\/\/blogg.varldenidag.se\/musik\/wp-json\/wp\/v2\/posts"}],"about":[{"href":"http:\/\/blogg.varldenidag.se\/musik\/wp-json\/wp\/v2\/types\/post"}],"author":[{"embeddable":true,"href":"http:\/\/blogg.varldenidag.se\/musik\/wp-json\/wp\/v2\/users\/15"}],"replies":[{"embeddable":true,"href":"http:\/\/blogg.varldenidag.se\/musik\/wp-json\/wp\/v2\/comments?post=6915"}],"version-history":[{"count":2,"href":"http:\/\/blogg.varldenidag.se\/musik\/wp-json\/wp\/v2\/posts\/6915\/revisions"}],"predecessor-version":[{"id":6935,"href":"http:\/\/blogg.varldenidag.se\/musik\/wp-json\/wp\/v2\/posts\/6915\/revisions\/6935"}],"wp:attachment":[{"href":"http:\/\/blogg.varldenidag.se\/musik\/wp-json\/wp\/v2\/media?parent=6915"}],"wp:term":[{"taxonomy":"category","embeddable":true,"href":"http:\/\/blogg.varldenidag.se\/musik\/wp-json\/wp\/v2\/categories?post=6915"},{"taxonomy":"post_tag","embeddable":true,"href":"http:\/\/blogg.varldenidag.se\/musik\/wp-json\/wp\/v2\/tags?post=6915"}],"curies":[{"name":"wp","href":"https:\/\/api.w.org\/{rel}","templated":true}]}}