{"id":6913,"date":"2022-08-24T00:03:37","date_gmt":"2022-08-23T22:03:37","guid":{"rendered":"http:\/\/blogg.varldenidag.se\/musik\/?p=6913"},"modified":"2022-08-18T11:34:43","modified_gmt":"2022-08-18T09:34:43","slug":"pionjar-tillbaka-med-ny-singel","status":"publish","type":"post","link":"http:\/\/blogg.varldenidag.se\/musik\/pionjar-tillbaka-med-ny-singel\/","title":{"rendered":"Pionj\u00e4r tillbaka med ny singel"},"content":{"rendered":"<p>Vissa saker l\u00e4ngtar man lite extra efter. Julafton, sommaren och nya sl\u00e4pp fr\u00e5n Helsingborgsbaserade\u00a0<strong>Pionj\u00e4r\u00a0<\/strong>till exempel. De senaste \u00e5ren har de gett oss ett helt g\u00e4ng av fantastiska s\u00e5nger, med ett eget sound, och det forts\u00e4tter p\u00e5 nya singeln\u00a0<em>\u201dMening\u201d.\u00a0<\/em>Det h\u00e4r \u00e4r en ny l\u00e5t som \u00e4r marinerad i ett positivt budskap om att det finns en mening med alla v\u00e5ras liv. Lyssna och inspireras du ocks\u00e5!<\/p>\n<p><strong>Spotify-l\u00e4nk:\u00a0<\/strong><a href=\"https:\/\/open.spotify.com\/track\/5wmqI9q3NDb8T7Z3mhmmeF?si=3c8b6bb9e9244c58\">https:\/\/open.spotify.com\/track\/5wmqI9q3NDb8T7Z3mhmmeF?si=3c8b6bb9e9244c58<\/a><\/p>\n<div class=\"video-container\"><iframe loading=\"lazy\" title=\"Mening\" width=\"500\" height=\"375\" src=\"https:\/\/www.youtube.com\/embed\/Aq34az_cR8E?feature=oembed\" frameborder=\"0\" allow=\"accelerometer; autoplay; clipboard-write; encrypted-media; gyroscope; picture-in-picture; web-share\" referrerpolicy=\"strict-origin-when-cross-origin\" allowfullscreen><\/iframe><\/div>\n","protected":false},"excerpt":{"rendered":"<p>Vissa saker l\u00e4ngtar man lite extra efter. Julafton, sommaren och nya sl\u00e4pp fr\u00e5n Helsingborgsbaserade\u00a0Pionj\u00e4r\u00a0till exempel. De senaste \u00e5ren har de gett oss ett helt g\u00e4ng av fantastiska [&hellip;]<\/p>\n","protected":false},"author":15,"featured_media":0,"comment_status":"open","ping_status":"open","sticky":false,"template":"","format":"standard","meta":{"footnotes":"","_links_to":"","_links_to_target":""},"categories":[1],"tags":[],"class_list":["post-6913","post","type-post","status-publish","format-standard","hentry","category-musik"],"_links":{"self":[{"href":"http:\/\/blogg.varldenidag.se\/musik\/wp-json\/wp\/v2\/posts\/6913","targetHints":{"allow":["GET"]}}],"collection":[{"href":"http:\/\/blogg.varldenidag.se\/musik\/wp-json\/wp\/v2\/posts"}],"about":[{"href":"http:\/\/blogg.varldenidag.se\/musik\/wp-json\/wp\/v2\/types\/post"}],"author":[{"embeddable":true,"href":"http:\/\/blogg.varldenidag.se\/musik\/wp-json\/wp\/v2\/users\/15"}],"replies":[{"embeddable":true,"href":"http:\/\/blogg.varldenidag.se\/musik\/wp-json\/wp\/v2\/comments?post=6913"}],"version-history":[{"count":2,"href":"http:\/\/blogg.varldenidag.se\/musik\/wp-json\/wp\/v2\/posts\/6913\/revisions"}],"predecessor-version":[{"id":6934,"href":"http:\/\/blogg.varldenidag.se\/musik\/wp-json\/wp\/v2\/posts\/6913\/revisions\/6934"}],"wp:attachment":[{"href":"http:\/\/blogg.varldenidag.se\/musik\/wp-json\/wp\/v2\/media?parent=6913"}],"wp:term":[{"taxonomy":"category","embeddable":true,"href":"http:\/\/blogg.varldenidag.se\/musik\/wp-json\/wp\/v2\/categories?post=6913"},{"taxonomy":"post_tag","embeddable":true,"href":"http:\/\/blogg.varldenidag.se\/musik\/wp-json\/wp\/v2\/tags?post=6913"}],"curies":[{"name":"wp","href":"https:\/\/api.w.org\/{rel}","templated":true}]}}