{"id":6907,"date":"2022-08-18T00:40:28","date_gmt":"2022-08-17T22:40:28","guid":{"rendered":"http:\/\/blogg.varldenidag.se\/musik\/?p=6907"},"modified":"2022-08-18T11:41:15","modified_gmt":"2022-08-18T09:41:15","slug":"nyskriven-lovsang-fran-stockholm","status":"publish","type":"post","link":"http:\/\/blogg.varldenidag.se\/musik\/nyskriven-lovsang-fran-stockholm\/","title":{"rendered":"Nyskriven lovs\u00e5ng fr\u00e5n Stockholm"},"content":{"rendered":"<p>Visst \u00e4r det alltid kul med ny svensk lovs\u00e5ng? Mitt under brinnande h\u00f6gsommar passade <strong>Korskyrkan i Stockholm<\/strong> p\u00e5 att sl\u00e4ppa precis just det. \u201dInf\u00f6r dig Gud\u201d heter s\u00e5ngen, d\u00e4r <strong>Sara\u00a0Nyman\u00a0<\/strong>st\u00e5r vid mikrofonen, som \u00e4r det senaste av digitala sl\u00e4pp fr\u00e5n Stockholmskyrka. En riktigt bra ny lovs\u00e5ng \u00e4r f\u00f6dd!<\/p>\n<div class=\"video-container\"><iframe loading=\"lazy\" title=\"Info\u0308r Dig Gud\" width=\"500\" height=\"375\" src=\"https:\/\/www.youtube.com\/embed\/oMv9se6AnEk?feature=oembed\" frameborder=\"0\" allow=\"accelerometer; autoplay; clipboard-write; encrypted-media; gyroscope; picture-in-picture; web-share\" referrerpolicy=\"strict-origin-when-cross-origin\" allowfullscreen><\/iframe><\/div>\n","protected":false},"excerpt":{"rendered":"<p>Visst \u00e4r det alltid kul med ny svensk lovs\u00e5ng? Mitt under brinnande h\u00f6gsommar passade Korskyrkan i Stockholm p\u00e5 att sl\u00e4ppa precis just det. \u201dInf\u00f6r dig Gud\u201d heter [&hellip;]<\/p>\n","protected":false},"author":15,"featured_media":0,"comment_status":"open","ping_status":"open","sticky":false,"template":"","format":"standard","meta":{"footnotes":"","_links_to":"","_links_to_target":""},"categories":[1],"tags":[],"class_list":["post-6907","post","type-post","status-publish","format-standard","hentry","category-musik"],"_links":{"self":[{"href":"http:\/\/blogg.varldenidag.se\/musik\/wp-json\/wp\/v2\/posts\/6907","targetHints":{"allow":["GET"]}}],"collection":[{"href":"http:\/\/blogg.varldenidag.se\/musik\/wp-json\/wp\/v2\/posts"}],"about":[{"href":"http:\/\/blogg.varldenidag.se\/musik\/wp-json\/wp\/v2\/types\/post"}],"author":[{"embeddable":true,"href":"http:\/\/blogg.varldenidag.se\/musik\/wp-json\/wp\/v2\/users\/15"}],"replies":[{"embeddable":true,"href":"http:\/\/blogg.varldenidag.se\/musik\/wp-json\/wp\/v2\/comments?post=6907"}],"version-history":[{"count":4,"href":"http:\/\/blogg.varldenidag.se\/musik\/wp-json\/wp\/v2\/posts\/6907\/revisions"}],"predecessor-version":[{"id":6940,"href":"http:\/\/blogg.varldenidag.se\/musik\/wp-json\/wp\/v2\/posts\/6907\/revisions\/6940"}],"wp:attachment":[{"href":"http:\/\/blogg.varldenidag.se\/musik\/wp-json\/wp\/v2\/media?parent=6907"}],"wp:term":[{"taxonomy":"category","embeddable":true,"href":"http:\/\/blogg.varldenidag.se\/musik\/wp-json\/wp\/v2\/categories?post=6907"},{"taxonomy":"post_tag","embeddable":true,"href":"http:\/\/blogg.varldenidag.se\/musik\/wp-json\/wp\/v2\/tags?post=6907"}],"curies":[{"name":"wp","href":"https:\/\/api.w.org\/{rel}","templated":true}]}}