{"id":6897,"date":"2022-06-30T00:41:24","date_gmt":"2022-06-29T22:41:24","guid":{"rendered":"http:\/\/blogg.varldenidag.se\/musik\/?p=6897"},"modified":"2022-07-05T10:51:39","modified_gmt":"2022-07-05T08:51:39","slug":"sommarlov-7","status":"publish","type":"post","link":"http:\/\/blogg.varldenidag.se\/musik\/sommarlov-7\/","title":{"rendered":"Sommarlov!"},"content":{"rendered":"<p>Sommaren \u00e4r h\u00e4r p\u00e5 riktigt, och d\u00e5 passar Musikbloggen p\u00e5 att ta ett litet sommaruppeh\u00e5ll. I augusti \u00e4r vi tillbaka igen!<\/p>\n<p>Vill du h\u00e5lla dig uppdaterad p\u00e5 musik \u00e4ven i sommar? F\u00f6lj d\u00e5 Soundshines profil p\u00e5 Spotify, d\u00e4r uppdateras alla v\u00e5ra spellistor hela sommaren l\u00e5ng<\/p>\n<p>S\u00f6k p\u00e5 \u201dSoundshine\u201d p\u00e5 Spotify \u2013 eller f\u00f6lj denna l\u00e4nk: <a href=\"https:\/\/open.spotify.com\/user\/ik69lbz3bp6x9rfl5x29ofxkw?si=02c68137ca564c7a\">https:\/\/open.spotify.com\/user\/ik69lbz3bp6x9rfl5x29ofxkw?si=02c68137ca564c7a<\/a><\/p>\n<p><a href=\"http:\/\/blogg.varldenidag.se\/musik\/files\/2022\/06\/daylight-landscape-reflection-1209610-3.jpg\"><img loading=\"lazy\" decoding=\"async\" class=\" wp-image-6898 aligncenter\" src=\"http:\/\/blogg.varldenidag.se\/musik\/files\/2022\/06\/daylight-landscape-reflection-1209610-3-300x200.jpg\" alt=\"\" width=\"487\" height=\"324\" srcset=\"http:\/\/blogg.varldenidag.se\/musik\/files\/2022\/06\/daylight-landscape-reflection-1209610-3-300x200.jpg 300w, http:\/\/blogg.varldenidag.se\/musik\/files\/2022\/06\/daylight-landscape-reflection-1209610-3-768x513.jpg 768w, http:\/\/blogg.varldenidag.se\/musik\/files\/2022\/06\/daylight-landscape-reflection-1209610-3-1024x684.jpg 1024w, http:\/\/blogg.varldenidag.se\/musik\/files\/2022\/06\/daylight-landscape-reflection-1209610-3.jpg 1920w\" sizes=\"auto, (max-width: 487px) 100vw, 487px\" \/><\/a><\/p>\n","protected":false},"excerpt":{"rendered":"<p>Sommaren \u00e4r h\u00e4r p\u00e5 riktigt, och d\u00e5 passar Musikbloggen p\u00e5 att ta ett litet sommaruppeh\u00e5ll. I augusti \u00e4r vi tillbaka igen! Vill du h\u00e5lla dig uppdaterad p\u00e5 [&hellip;]<\/p>\n","protected":false},"author":15,"featured_media":0,"comment_status":"open","ping_status":"open","sticky":false,"template":"","format":"standard","meta":{"footnotes":"","_links_to":"","_links_to_target":""},"categories":[1],"tags":[],"class_list":["post-6897","post","type-post","status-publish","format-standard","hentry","category-musik"],"_links":{"self":[{"href":"http:\/\/blogg.varldenidag.se\/musik\/wp-json\/wp\/v2\/posts\/6897","targetHints":{"allow":["GET"]}}],"collection":[{"href":"http:\/\/blogg.varldenidag.se\/musik\/wp-json\/wp\/v2\/posts"}],"about":[{"href":"http:\/\/blogg.varldenidag.se\/musik\/wp-json\/wp\/v2\/types\/post"}],"author":[{"embeddable":true,"href":"http:\/\/blogg.varldenidag.se\/musik\/wp-json\/wp\/v2\/users\/15"}],"replies":[{"embeddable":true,"href":"http:\/\/blogg.varldenidag.se\/musik\/wp-json\/wp\/v2\/comments?post=6897"}],"version-history":[{"count":3,"href":"http:\/\/blogg.varldenidag.se\/musik\/wp-json\/wp\/v2\/posts\/6897\/revisions"}],"predecessor-version":[{"id":6901,"href":"http:\/\/blogg.varldenidag.se\/musik\/wp-json\/wp\/v2\/posts\/6897\/revisions\/6901"}],"wp:attachment":[{"href":"http:\/\/blogg.varldenidag.se\/musik\/wp-json\/wp\/v2\/media?parent=6897"}],"wp:term":[{"taxonomy":"category","embeddable":true,"href":"http:\/\/blogg.varldenidag.se\/musik\/wp-json\/wp\/v2\/categories?post=6897"},{"taxonomy":"post_tag","embeddable":true,"href":"http:\/\/blogg.varldenidag.se\/musik\/wp-json\/wp\/v2\/tags?post=6897"}],"curies":[{"name":"wp","href":"https:\/\/api.w.org\/{rel}","templated":true}]}}