{"id":6863,"date":"2022-06-11T00:48:06","date_gmt":"2022-06-10T22:48:06","guid":{"rendered":"http:\/\/blogg.varldenidag.se\/musik\/?p=6863"},"modified":"2022-06-08T13:48:55","modified_gmt":"2022-06-08T11:48:55","slug":"spellistan-for-vagarna-2","status":"publish","type":"post","link":"http:\/\/blogg.varldenidag.se\/musik\/spellistan-for-vagarna-2\/","title":{"rendered":"Spellistan f\u00f6r v\u00e4garna!"},"content":{"rendered":"<p>Ska du br\u00e4nna asfalt l\u00e4ngs v\u00e5ra vackra sommarv\u00e4gar i sommar? Grattis! F\u00f6r vi har fixat det perfekta reses\u00e4llskapet till dig: v\u00e5r popul\u00e4ra spellista\u00a0<strong>Vibe Roadtrip!\u00a0<\/strong>S\u00e5 klart uppdaterad med nya l\u00e5tar som f\u00e5r denna sommars v\u00e4gar att k\u00e4nnas \u00e4nnu behagligare.<\/p>\n<p>F\u00f6lj spellistan \u2013 den uppdateras hela sommaren l\u00e5ng!<\/p>\n<div class=\"video-container\"><iframe title=\"Spotify Embed: Vibe Roadtrip\" style=\"border-radius: 12px\" width=\"100%\" height=\"352\" frameborder=\"0\" allowfullscreen allow=\"autoplay; clipboard-write; encrypted-media; fullscreen; picture-in-picture\" loading=\"lazy\" src=\"https:\/\/open.spotify.com\/embed\/playlist\/35Jw2zdfKTfeBE3uvUpGwR?si=f3d13b988fba407a&#038;utm_source=oembed\"><\/iframe><\/div>\n","protected":false},"excerpt":{"rendered":"<p>Ska du br\u00e4nna asfalt l\u00e4ngs v\u00e5ra vackra sommarv\u00e4gar i sommar? Grattis! F\u00f6r vi har fixat det perfekta reses\u00e4llskapet till dig: v\u00e5r popul\u00e4ra spellista\u00a0Vibe Roadtrip!\u00a0S\u00e5 klart uppdaterad med [&hellip;]<\/p>\n","protected":false},"author":15,"featured_media":0,"comment_status":"open","ping_status":"open","sticky":false,"template":"","format":"standard","meta":{"footnotes":"","_links_to":"","_links_to_target":""},"categories":[1],"tags":[],"class_list":["post-6863","post","type-post","status-publish","format-standard","hentry","category-musik"],"_links":{"self":[{"href":"http:\/\/blogg.varldenidag.se\/musik\/wp-json\/wp\/v2\/posts\/6863","targetHints":{"allow":["GET"]}}],"collection":[{"href":"http:\/\/blogg.varldenidag.se\/musik\/wp-json\/wp\/v2\/posts"}],"about":[{"href":"http:\/\/blogg.varldenidag.se\/musik\/wp-json\/wp\/v2\/types\/post"}],"author":[{"embeddable":true,"href":"http:\/\/blogg.varldenidag.se\/musik\/wp-json\/wp\/v2\/users\/15"}],"replies":[{"embeddable":true,"href":"http:\/\/blogg.varldenidag.se\/musik\/wp-json\/wp\/v2\/comments?post=6863"}],"version-history":[{"count":2,"href":"http:\/\/blogg.varldenidag.se\/musik\/wp-json\/wp\/v2\/posts\/6863\/revisions"}],"predecessor-version":[{"id":6870,"href":"http:\/\/blogg.varldenidag.se\/musik\/wp-json\/wp\/v2\/posts\/6863\/revisions\/6870"}],"wp:attachment":[{"href":"http:\/\/blogg.varldenidag.se\/musik\/wp-json\/wp\/v2\/media?parent=6863"}],"wp:term":[{"taxonomy":"category","embeddable":true,"href":"http:\/\/blogg.varldenidag.se\/musik\/wp-json\/wp\/v2\/categories?post=6863"},{"taxonomy":"post_tag","embeddable":true,"href":"http:\/\/blogg.varldenidag.se\/musik\/wp-json\/wp\/v2\/tags?post=6863"}],"curies":[{"name":"wp","href":"https:\/\/api.w.org\/{rel}","templated":true}]}}