{"id":6861,"date":"2022-06-15T00:46:09","date_gmt":"2022-06-14T22:46:09","guid":{"rendered":"http:\/\/blogg.varldenidag.se\/musik\/?p=6861"},"modified":"2022-06-08T13:50:35","modified_gmt":"2022-06-08T11:50:35","slug":"gor-dig-redo-for-beachen","status":"publish","type":"post","link":"http:\/\/blogg.varldenidag.se\/musik\/gor-dig-redo-for-beachen\/","title":{"rendered":"G\u00f6r dig redo f\u00f6r beachen!"},"content":{"rendered":"<p>Det \u00e4r dags att b\u00e4ttra p\u00e5 bonnabr\u00e4nnan en g\u00e5ng f\u00f6r alla och dags att er\u00f6vra Beach 2022 p\u00e5 allvar. Hur g\u00f6r man inte det b\u00e4ttre \u00e4n genom en grymmens bra spellista?\u00a0<strong>Beachvibes\u00a0<\/strong>\u00e4r en st\u00f6rtsk\u00f6n mix av basdunkande, svettpumpande, sommarosande l\u00e5tar med bra budskap \u2013 som gjorda f\u00f6r att ljuda ur dina h\u00f6gtalare p\u00e5 stranden i sommar.<\/p>\n<p>F\u00f6lj spellistan \u2013 den uppdateras hela sommaren l\u00e5ng!<\/p>\n<div class=\"video-container\"><iframe title=\"Spotify Embed: Beachvibes\" style=\"border-radius: 12px\" width=\"100%\" height=\"352\" frameborder=\"0\" allowfullscreen allow=\"autoplay; clipboard-write; encrypted-media; fullscreen; picture-in-picture\" loading=\"lazy\" src=\"https:\/\/open.spotify.com\/embed\/playlist\/5DktLiTBAAJvKbJPw1d2HB?si=4a6d5fa7eb1746c7&#038;utm_source=oembed\"><\/iframe><\/div>\n","protected":false},"excerpt":{"rendered":"<p>Det \u00e4r dags att b\u00e4ttra p\u00e5 bonnabr\u00e4nnan en g\u00e5ng f\u00f6r alla och dags att er\u00f6vra Beach 2022 p\u00e5 allvar. Hur g\u00f6r man inte det b\u00e4ttre \u00e4n genom [&hellip;]<\/p>\n","protected":false},"author":15,"featured_media":0,"comment_status":"open","ping_status":"open","sticky":false,"template":"","format":"standard","meta":{"footnotes":"","_links_to":"","_links_to_target":""},"categories":[1],"tags":[],"class_list":["post-6861","post","type-post","status-publish","format-standard","hentry","category-musik"],"_links":{"self":[{"href":"http:\/\/blogg.varldenidag.se\/musik\/wp-json\/wp\/v2\/posts\/6861","targetHints":{"allow":["GET"]}}],"collection":[{"href":"http:\/\/blogg.varldenidag.se\/musik\/wp-json\/wp\/v2\/posts"}],"about":[{"href":"http:\/\/blogg.varldenidag.se\/musik\/wp-json\/wp\/v2\/types\/post"}],"author":[{"embeddable":true,"href":"http:\/\/blogg.varldenidag.se\/musik\/wp-json\/wp\/v2\/users\/15"}],"replies":[{"embeddable":true,"href":"http:\/\/blogg.varldenidag.se\/musik\/wp-json\/wp\/v2\/comments?post=6861"}],"version-history":[{"count":2,"href":"http:\/\/blogg.varldenidag.se\/musik\/wp-json\/wp\/v2\/posts\/6861\/revisions"}],"predecessor-version":[{"id":6873,"href":"http:\/\/blogg.varldenidag.se\/musik\/wp-json\/wp\/v2\/posts\/6861\/revisions\/6873"}],"wp:attachment":[{"href":"http:\/\/blogg.varldenidag.se\/musik\/wp-json\/wp\/v2\/media?parent=6861"}],"wp:term":[{"taxonomy":"category","embeddable":true,"href":"http:\/\/blogg.varldenidag.se\/musik\/wp-json\/wp\/v2\/categories?post=6861"},{"taxonomy":"post_tag","embeddable":true,"href":"http:\/\/blogg.varldenidag.se\/musik\/wp-json\/wp\/v2\/tags?post=6861"}],"curies":[{"name":"wp","href":"https:\/\/api.w.org\/{rel}","templated":true}]}}