{"id":6784,"date":"2022-04-30T00:55:24","date_gmt":"2022-04-29T22:55:24","guid":{"rendered":"http:\/\/blogg.varldenidag.se\/musik\/?p=6784"},"modified":"2022-04-21T15:03:42","modified_gmt":"2022-04-21T13:03:42","slug":"vardstedt-slapper-nytt","status":"publish","type":"post","link":"http:\/\/blogg.varldenidag.se\/musik\/vardstedt-slapper-nytt\/","title":{"rendered":"V\u00e5rdstedt sl\u00e4pper nytt"},"content":{"rendered":"<p>Under en l\u00e5ng karri\u00e4r har\u00a0<strong>Clas V\u00e5rdstedt\u00a0<\/strong>blivit ett av de mest uppskattade kristna musiknamnen i Sverige, inte minst f\u00f6r sina vackra, djupa, betraktande och t\u00e4nkv\u00e4rda texter. Precis p\u00e5 det sp\u00e5ret forts\u00e4tter han med sin nya, lugna och avskalade singel\u00a0<em>\u201dDu \u00e4r \u00e4lskad\u201d.\u00a0<\/em>En perfekt p\u00e5minnelse om att vi \u00e4r \u00e4lskade precis som vi \u00e4r \u2013 framf\u00f6rt p\u00e5 ett mycket vackert s\u00e4tt av\u00a0<strong>Clas\u00a0<\/strong>som sjunger ruggigt bra och innerligt. Riktigt bra!<\/p>\n<p><strong>Spotify-l\u00e4nk:\u00a0<\/strong><a href=\"https:\/\/open.spotify.com\/track\/0NIR19eRCBXIftagsymofB?si=f8a18bac2b2d429d\">https:\/\/open.spotify.com\/track\/0NIR19eRCBXIftagsymofB?si=f8a18bac2b2d429d<\/a><\/p>\n<div class=\"video-container\"><iframe loading=\"lazy\" title=\"Du \u00e4r \u00e4lskad\" width=\"500\" height=\"375\" src=\"https:\/\/www.youtube.com\/embed\/X13aKl8ZLIM?feature=oembed\" frameborder=\"0\" allow=\"accelerometer; autoplay; clipboard-write; encrypted-media; gyroscope; picture-in-picture; web-share\" referrerpolicy=\"strict-origin-when-cross-origin\" allowfullscreen><\/iframe><\/div>\n","protected":false},"excerpt":{"rendered":"<p>Under en l\u00e5ng karri\u00e4r har\u00a0Clas V\u00e5rdstedt\u00a0blivit ett av de mest uppskattade kristna musiknamnen i Sverige, inte minst f\u00f6r sina vackra, djupa, betraktande och t\u00e4nkv\u00e4rda texter. Precis p\u00e5 [&hellip;]<\/p>\n","protected":false},"author":15,"featured_media":0,"comment_status":"open","ping_status":"open","sticky":false,"template":"","format":"standard","meta":{"footnotes":"","_links_to":"","_links_to_target":""},"categories":[1],"tags":[],"class_list":["post-6784","post","type-post","status-publish","format-standard","hentry","category-musik"],"_links":{"self":[{"href":"http:\/\/blogg.varldenidag.se\/musik\/wp-json\/wp\/v2\/posts\/6784","targetHints":{"allow":["GET"]}}],"collection":[{"href":"http:\/\/blogg.varldenidag.se\/musik\/wp-json\/wp\/v2\/posts"}],"about":[{"href":"http:\/\/blogg.varldenidag.se\/musik\/wp-json\/wp\/v2\/types\/post"}],"author":[{"embeddable":true,"href":"http:\/\/blogg.varldenidag.se\/musik\/wp-json\/wp\/v2\/users\/15"}],"replies":[{"embeddable":true,"href":"http:\/\/blogg.varldenidag.se\/musik\/wp-json\/wp\/v2\/comments?post=6784"}],"version-history":[{"count":2,"href":"http:\/\/blogg.varldenidag.se\/musik\/wp-json\/wp\/v2\/posts\/6784\/revisions"}],"predecessor-version":[{"id":6801,"href":"http:\/\/blogg.varldenidag.se\/musik\/wp-json\/wp\/v2\/posts\/6784\/revisions\/6801"}],"wp:attachment":[{"href":"http:\/\/blogg.varldenidag.se\/musik\/wp-json\/wp\/v2\/media?parent=6784"}],"wp:term":[{"taxonomy":"category","embeddable":true,"href":"http:\/\/blogg.varldenidag.se\/musik\/wp-json\/wp\/v2\/categories?post=6784"},{"taxonomy":"post_tag","embeddable":true,"href":"http:\/\/blogg.varldenidag.se\/musik\/wp-json\/wp\/v2\/tags?post=6784"}],"curies":[{"name":"wp","href":"https:\/\/api.w.org\/{rel}","templated":true}]}}