{"id":6780,"date":"2022-04-26T00:39:23","date_gmt":"2022-04-25T22:39:23","guid":{"rendered":"http:\/\/blogg.varldenidag.se\/musik\/?p=6780"},"modified":"2022-04-21T15:02:17","modified_gmt":"2022-04-21T13:02:17","slug":"nashvilleartisten-som-snart-ar-pa-allas-lappar","status":"publish","type":"post","link":"http:\/\/blogg.varldenidag.se\/musik\/nashvilleartisten-som-snart-ar-pa-allas-lappar\/","title":{"rendered":"Nashvilleartisten som snart \u00e4r p\u00e5 allas l\u00e4ppar?"},"content":{"rendered":"<p>S\u00e4ger vi namnet\u00a0<strong>Evan Egerer\u00a0<\/strong>s\u00e5 s\u00e4ger det f\u00f6rmodligen inte dig s\u00e5 mycket, och det \u00e4r inte s\u00e5 konstigt.\u00a0<strong>Evan\u00a0<\/strong>\u00e4r ett t\u00e4mligen nytt namn p\u00e5 den kristna CCM-scenen men vi \u00e4r t\u00e4mligen \u00f6vertygad om att han snart kommer g\u00f6ra betydligt mer v\u00e4sen av sig.<\/p>\n<p>Hemma i USA har han redan figurerat i en del kristna musiksammanhang och samarbetat med v\u00e4lk\u00e4nda namn, och hans nya singel\u00a0<em>\u201dThe Victory\u201d\u00a0<\/em>visar att det h\u00e4r bara \u00e4r b\u00f6rjan. Ett sk\u00f6nt sound och en refr\u00e4ng som fastnar, lite i stil som exempelvis\u00a0<strong>Andrew Ripp,\u00a0<\/strong>g\u00f6r att vi redan l\u00e4ngtar efter \u00e4n mer musik fr\u00e5n denna \u201drising star\u201d. Men h\u00e5ll till godo med denna snudd p\u00e5 briljanta \u2013 och klistriga \u2013 skapelse!<\/p>\n<p><strong>Spotify-l\u00e4nk:\u00a0<\/strong><a href=\"https:\/\/open.spotify.com\/track\/39tF5IstjX3we8f5sccXFx?si=d7d50c54ba31408d\">https:\/\/open.spotify.com\/track\/39tF5IstjX3we8f5sccXFx?si=d7d50c54ba31408d<\/a><\/p>\n<div class=\"video-container\"><iframe loading=\"lazy\" title=\"The Victory\" width=\"500\" height=\"375\" src=\"https:\/\/www.youtube.com\/embed\/ZKdJHdupOEo?feature=oembed\" frameborder=\"0\" allow=\"accelerometer; autoplay; clipboard-write; encrypted-media; gyroscope; picture-in-picture; web-share\" referrerpolicy=\"strict-origin-when-cross-origin\" allowfullscreen><\/iframe><\/div>\n","protected":false},"excerpt":{"rendered":"<p>S\u00e4ger vi namnet\u00a0Evan Egerer\u00a0s\u00e5 s\u00e4ger det f\u00f6rmodligen inte dig s\u00e5 mycket, och det \u00e4r inte s\u00e5 konstigt.\u00a0Evan\u00a0\u00e4r ett t\u00e4mligen nytt namn p\u00e5 den kristna CCM-scenen men vi [&hellip;]<\/p>\n","protected":false},"author":15,"featured_media":0,"comment_status":"open","ping_status":"open","sticky":false,"template":"","format":"standard","meta":{"footnotes":"","_links_to":"","_links_to_target":""},"categories":[1],"tags":[],"class_list":["post-6780","post","type-post","status-publish","format-standard","hentry","category-musik"],"_links":{"self":[{"href":"http:\/\/blogg.varldenidag.se\/musik\/wp-json\/wp\/v2\/posts\/6780","targetHints":{"allow":["GET"]}}],"collection":[{"href":"http:\/\/blogg.varldenidag.se\/musik\/wp-json\/wp\/v2\/posts"}],"about":[{"href":"http:\/\/blogg.varldenidag.se\/musik\/wp-json\/wp\/v2\/types\/post"}],"author":[{"embeddable":true,"href":"http:\/\/blogg.varldenidag.se\/musik\/wp-json\/wp\/v2\/users\/15"}],"replies":[{"embeddable":true,"href":"http:\/\/blogg.varldenidag.se\/musik\/wp-json\/wp\/v2\/comments?post=6780"}],"version-history":[{"count":2,"href":"http:\/\/blogg.varldenidag.se\/musik\/wp-json\/wp\/v2\/posts\/6780\/revisions"}],"predecessor-version":[{"id":6798,"href":"http:\/\/blogg.varldenidag.se\/musik\/wp-json\/wp\/v2\/posts\/6780\/revisions\/6798"}],"wp:attachment":[{"href":"http:\/\/blogg.varldenidag.se\/musik\/wp-json\/wp\/v2\/media?parent=6780"}],"wp:term":[{"taxonomy":"category","embeddable":true,"href":"http:\/\/blogg.varldenidag.se\/musik\/wp-json\/wp\/v2\/categories?post=6780"},{"taxonomy":"post_tag","embeddable":true,"href":"http:\/\/blogg.varldenidag.se\/musik\/wp-json\/wp\/v2\/tags?post=6780"}],"curies":[{"name":"wp","href":"https:\/\/api.w.org\/{rel}","templated":true}]}}