{"id":6763,"date":"2022-04-18T00:17:41","date_gmt":"2022-04-17T22:17:41","guid":{"rendered":"http:\/\/blogg.varldenidag.se\/musik\/?p=6763"},"modified":"2022-04-11T13:10:56","modified_gmt":"2022-04-11T11:10:56","slug":"wickham-nar-han-ar-som-allra-bast","status":"publish","type":"post","link":"http:\/\/blogg.varldenidag.se\/musik\/wickham-nar-han-ar-som-allra-bast\/","title":{"rendered":"Wickham n\u00e4r han \u00e4r som allra b\u00e4st"},"content":{"rendered":"<p>F\u00f6rra \u00e5ret sl\u00e4ppte\u00a0<strong>Phil Wickham\u00a0<\/strong>ett av \u00e5rets b\u00e4sta album,\u00a0<em>\u201dHymn Of Heaven\u201d,\u00a0<\/em>d\u00e4r bland annat titelsp\u00e5ret direkt blev en l\u00e5t som skrev sig direkt in p\u00e5 v\u00e5ra nya favoritlistor. Men har du \u00e4nnu inte hunnit lyssna p\u00e5 albumet \u2013 eller bara vill h\u00f6ra det igen p\u00e5 ett nytt s\u00e4tt \u2013 s\u00e5 ska du spana in den nya versionen av albumet; akustiskt inspelad.<\/p>\n<p>Vi kan s\u00e4ga direkt att det inte \u00e4r bara f\u00f6rvandlat till akustiskt rakt av \u2013 utan h\u00e4r har\u00a0<strong>Phil Wickham\u00a0<\/strong>\u00e4ven jobbat om l\u00e5tarna p\u00e5 sina h\u00e5ll, lagt till lite k\u00f6rer och nya grepp, och resultatet \u00e4r helt bl\u00e4ndande. Vi har sett sedan tidigare att\u00a0<strong>Phil\u00a0<\/strong>l\u00e5ter som allra, allra b\u00e4st n\u00e4r hans fantastiska l\u00e5tar och storartade r\u00f6st f\u00e5r utrymme i ett akustiskt format, och precis s\u00e5 \u00e4r det h\u00e4r ocks\u00e5.<\/p>\n<p>Flera av l\u00e5tarna fr\u00e5n f\u00f6rra \u00e5rets skiva f\u00e5r nytt liv h\u00e4r \u2013 och bland annat f\u00f6r\u00e4lskar vi oss helt i den fantastiska\u00a0<em>\u201dLook To Jesus\u201d\u00a0<\/em>som h\u00e4r v\u00e4xer till en \u00e4nnu st\u00f6rre l\u00e5t. Briljant!<\/p>\n<p><strong>Spotify-l\u00e4nk:\u00a0<\/strong><a href=\"https:\/\/open.spotify.com\/track\/1J2FQ0OhhAGargDCcxM66C?si=b418699e72bc4792\">https:\/\/open.spotify.com\/track\/1J2FQ0OhhAGargDCcxM66C?si=b418699e72bc4792<\/a><\/p>\n<div class=\"video-container\"><iframe loading=\"lazy\" title=\"Phil Wickham - Look To Jesus (Acoustic Sessions) [Official Lyric Video]\" width=\"500\" height=\"281\" src=\"https:\/\/www.youtube.com\/embed\/EqWYSyDZYIg?feature=oembed\" frameborder=\"0\" allow=\"accelerometer; autoplay; clipboard-write; encrypted-media; gyroscope; picture-in-picture; web-share\" referrerpolicy=\"strict-origin-when-cross-origin\" allowfullscreen><\/iframe><\/div>\n","protected":false},"excerpt":{"rendered":"<p>F\u00f6rra \u00e5ret sl\u00e4ppte\u00a0Phil Wickham\u00a0ett av \u00e5rets b\u00e4sta album,\u00a0\u201dHymn Of Heaven\u201d,\u00a0d\u00e4r bland annat titelsp\u00e5ret direkt blev en l\u00e5t som skrev sig direkt in p\u00e5 v\u00e5ra nya favoritlistor. Men [&hellip;]<\/p>\n","protected":false},"author":15,"featured_media":0,"comment_status":"open","ping_status":"open","sticky":false,"template":"","format":"standard","meta":{"footnotes":"","_links_to":"","_links_to_target":""},"categories":[1],"tags":[],"class_list":["post-6763","post","type-post","status-publish","format-standard","hentry","category-musik"],"_links":{"self":[{"href":"http:\/\/blogg.varldenidag.se\/musik\/wp-json\/wp\/v2\/posts\/6763","targetHints":{"allow":["GET"]}}],"collection":[{"href":"http:\/\/blogg.varldenidag.se\/musik\/wp-json\/wp\/v2\/posts"}],"about":[{"href":"http:\/\/blogg.varldenidag.se\/musik\/wp-json\/wp\/v2\/types\/post"}],"author":[{"embeddable":true,"href":"http:\/\/blogg.varldenidag.se\/musik\/wp-json\/wp\/v2\/users\/15"}],"replies":[{"embeddable":true,"href":"http:\/\/blogg.varldenidag.se\/musik\/wp-json\/wp\/v2\/comments?post=6763"}],"version-history":[{"count":2,"href":"http:\/\/blogg.varldenidag.se\/musik\/wp-json\/wp\/v2\/posts\/6763\/revisions"}],"predecessor-version":[{"id":6773,"href":"http:\/\/blogg.varldenidag.se\/musik\/wp-json\/wp\/v2\/posts\/6763\/revisions\/6773"}],"wp:attachment":[{"href":"http:\/\/blogg.varldenidag.se\/musik\/wp-json\/wp\/v2\/media?parent=6763"}],"wp:term":[{"taxonomy":"category","embeddable":true,"href":"http:\/\/blogg.varldenidag.se\/musik\/wp-json\/wp\/v2\/categories?post=6763"},{"taxonomy":"post_tag","embeddable":true,"href":"http:\/\/blogg.varldenidag.se\/musik\/wp-json\/wp\/v2\/tags?post=6763"}],"curies":[{"name":"wp","href":"https:\/\/api.w.org\/{rel}","templated":true}]}}