{"id":6740,"date":"2022-04-03T00:57:59","date_gmt":"2022-04-02T22:57:59","guid":{"rendered":"http:\/\/blogg.varldenidag.se\/musik\/?p=6740"},"modified":"2022-03-28T09:47:12","modified_gmt":"2022-03-28T07:47:12","slug":"spellistan-for-alla-pendlare","status":"publish","type":"post","link":"http:\/\/blogg.varldenidag.se\/musik\/spellistan-for-alla-pendlare\/","title":{"rendered":"Spellistan f\u00f6r alla pendlare!"},"content":{"rendered":"<p>Pendlar du till jobbet varje dag? D\u00e5 vet du kanske redan att grym musik f\u00e5r vilken tr\u00e5kig resv\u00e4g som helst att k\u00e4nnas s\u00e5 mycket l\u00e4ttare! Med hj\u00e4lp av spellistan\u00a0<strong>Vibe Commute\u00a0<\/strong>ser vi till att du har det b\u00e4sta reses\u00e4llskapet i dina \u00f6ron hela tiden \u2013 och st\u00e4ndigt uppdaterad med f\u00e4rska sl\u00e4pp.<\/p>\n<p>F\u00f6lj spellistan f\u00f6r att inte missa n\u00e5gra nya sk\u00f6na sl\u00e4pp!<\/p>\n<div class=\"video-container\"><iframe title=\"Spotify Embed: Pendlarlistan\" style=\"border-radius: 12px\" width=\"100%\" height=\"352\" frameborder=\"0\" allowfullscreen allow=\"autoplay; clipboard-write; encrypted-media; fullscreen; picture-in-picture\" loading=\"lazy\" src=\"https:\/\/open.spotify.com\/embed\/playlist\/7E6pjZSuSUoVXJP18i0pxY?si=ca5f9645a52c4527&#038;utm_source=oembed\"><\/iframe><\/div>\n","protected":false},"excerpt":{"rendered":"<p>Pendlar du till jobbet varje dag? D\u00e5 vet du kanske redan att grym musik f\u00e5r vilken tr\u00e5kig resv\u00e4g som helst att k\u00e4nnas s\u00e5 mycket l\u00e4ttare! Med hj\u00e4lp [&hellip;]<\/p>\n","protected":false},"author":15,"featured_media":0,"comment_status":"open","ping_status":"open","sticky":false,"template":"","format":"standard","meta":{"footnotes":"","_links_to":"","_links_to_target":""},"categories":[1],"tags":[],"class_list":["post-6740","post","type-post","status-publish","format-standard","hentry","category-musik"],"_links":{"self":[{"href":"http:\/\/blogg.varldenidag.se\/musik\/wp-json\/wp\/v2\/posts\/6740","targetHints":{"allow":["GET"]}}],"collection":[{"href":"http:\/\/blogg.varldenidag.se\/musik\/wp-json\/wp\/v2\/posts"}],"about":[{"href":"http:\/\/blogg.varldenidag.se\/musik\/wp-json\/wp\/v2\/types\/post"}],"author":[{"embeddable":true,"href":"http:\/\/blogg.varldenidag.se\/musik\/wp-json\/wp\/v2\/users\/15"}],"replies":[{"embeddable":true,"href":"http:\/\/blogg.varldenidag.se\/musik\/wp-json\/wp\/v2\/comments?post=6740"}],"version-history":[{"count":2,"href":"http:\/\/blogg.varldenidag.se\/musik\/wp-json\/wp\/v2\/posts\/6740\/revisions"}],"predecessor-version":[{"id":6746,"href":"http:\/\/blogg.varldenidag.se\/musik\/wp-json\/wp\/v2\/posts\/6740\/revisions\/6746"}],"wp:attachment":[{"href":"http:\/\/blogg.varldenidag.se\/musik\/wp-json\/wp\/v2\/media?parent=6740"}],"wp:term":[{"taxonomy":"category","embeddable":true,"href":"http:\/\/blogg.varldenidag.se\/musik\/wp-json\/wp\/v2\/categories?post=6740"},{"taxonomy":"post_tag","embeddable":true,"href":"http:\/\/blogg.varldenidag.se\/musik\/wp-json\/wp\/v2\/tags?post=6740"}],"curies":[{"name":"wp","href":"https:\/\/api.w.org\/{rel}","templated":true}]}}