{"id":6734,"date":"2022-04-08T00:46:23","date_gmt":"2022-04-07T22:46:23","guid":{"rendered":"http:\/\/blogg.varldenidag.se\/musik\/?p=6734"},"modified":"2022-03-28T09:48:41","modified_gmt":"2022-03-28T07:48:41","slug":"superballad-fran-debutanten","status":"publish","type":"post","link":"http:\/\/blogg.varldenidag.se\/musik\/superballad-fran-debutanten\/","title":{"rendered":"Superballad fr\u00e5n debutanten"},"content":{"rendered":"<p>Det \u00e4r sv\u00e5rt att tro att\u00a0<strong>Caleb Carroll\u00a0<\/strong>\u00e4r blott 20 \u00e5r gammal. Det \u00e4r ocks\u00e5 sv\u00e5rt att tro att det h\u00e4r \u00e4r hans allra f\u00f6rsta singel. F\u00f6r hans debutsingel \u201d<em>Jesus In Me\u201d\u00a0<\/em>\u00e4r n\u00e5got alldeles extra, n\u00e5got som verkligen sticker ut fr\u00e5n den stora f\u00e5ran.<\/p>\n<p>Vi snackar om en superballad med en text lika vacker som en solig sommardag, och att\u00a0<strong>Caleb\u00a0<\/strong>dessutom sjunger ohyggligt bra g\u00f6r inte saken b\u00e4ttre. Hur ska detta sluta f\u00f6r Detroit-s\u00e5ngaren, som dessutom g\u00f6r allting p\u00e5 egen hand? Lyssna p\u00e5 texten, blunda och njut av denna ballad-p\u00e4rla!<\/p>\n<p><strong>Spotify-l\u00e4nk:\u00a0<\/strong><a href=\"https:\/\/open.spotify.com\/track\/5SyD7o3brFK2TbnCH4wMMM?si=c6ef20f6012d4d6a\">https:\/\/open.spotify.com\/track\/5SyD7o3brFK2TbnCH4wMMM?si=c6ef20f6012d4d6a<\/a><\/p>\n<div class=\"video-container\"><iframe loading=\"lazy\" title=\"Caleb Carroll - Jesus In Me (Official Music Video) AVAILABLE NOW: https:\/\/linktr.ee\/4kingdommusic\" width=\"500\" height=\"281\" src=\"https:\/\/www.youtube.com\/embed\/PGSHpzs4XP4?feature=oembed\" frameborder=\"0\" allow=\"accelerometer; autoplay; clipboard-write; encrypted-media; gyroscope; picture-in-picture; web-share\" referrerpolicy=\"strict-origin-when-cross-origin\" allowfullscreen><\/iframe><\/div>\n","protected":false},"excerpt":{"rendered":"<p>Det \u00e4r sv\u00e5rt att tro att\u00a0Caleb Carroll\u00a0\u00e4r blott 20 \u00e5r gammal. Det \u00e4r ocks\u00e5 sv\u00e5rt att tro att det h\u00e4r \u00e4r hans allra f\u00f6rsta singel. F\u00f6r hans [&hellip;]<\/p>\n","protected":false},"author":15,"featured_media":0,"comment_status":"open","ping_status":"open","sticky":false,"template":"","format":"standard","meta":{"footnotes":"","_links_to":"","_links_to_target":""},"categories":[1],"tags":[],"class_list":["post-6734","post","type-post","status-publish","format-standard","hentry","category-musik"],"_links":{"self":[{"href":"http:\/\/blogg.varldenidag.se\/musik\/wp-json\/wp\/v2\/posts\/6734","targetHints":{"allow":["GET"]}}],"collection":[{"href":"http:\/\/blogg.varldenidag.se\/musik\/wp-json\/wp\/v2\/posts"}],"about":[{"href":"http:\/\/blogg.varldenidag.se\/musik\/wp-json\/wp\/v2\/types\/post"}],"author":[{"embeddable":true,"href":"http:\/\/blogg.varldenidag.se\/musik\/wp-json\/wp\/v2\/users\/15"}],"replies":[{"embeddable":true,"href":"http:\/\/blogg.varldenidag.se\/musik\/wp-json\/wp\/v2\/comments?post=6734"}],"version-history":[{"count":2,"href":"http:\/\/blogg.varldenidag.se\/musik\/wp-json\/wp\/v2\/posts\/6734\/revisions"}],"predecessor-version":[{"id":6749,"href":"http:\/\/blogg.varldenidag.se\/musik\/wp-json\/wp\/v2\/posts\/6734\/revisions\/6749"}],"wp:attachment":[{"href":"http:\/\/blogg.varldenidag.se\/musik\/wp-json\/wp\/v2\/media?parent=6734"}],"wp:term":[{"taxonomy":"category","embeddable":true,"href":"http:\/\/blogg.varldenidag.se\/musik\/wp-json\/wp\/v2\/categories?post=6734"},{"taxonomy":"post_tag","embeddable":true,"href":"http:\/\/blogg.varldenidag.se\/musik\/wp-json\/wp\/v2\/tags?post=6734"}],"curies":[{"name":"wp","href":"https:\/\/api.w.org\/{rel}","templated":true}]}}