{"id":6531,"date":"2021-12-30T00:17:29","date_gmt":"2021-12-29T23:17:29","guid":{"rendered":"http:\/\/blogg.varldenidag.se\/musik\/?p=6531"},"modified":"2021-12-20T10:01:30","modified_gmt":"2021-12-20T09:01:30","slug":"topp-21-2021-plats-2","status":"publish","type":"post","link":"http:\/\/blogg.varldenidag.se\/musik\/topp-21-2021-plats-2\/","title":{"rendered":"Topp 21 2021: Plats 2"},"content":{"rendered":"<p>H\u00e4ng med oss n\u00e4r vi r\u00e4knar ner 2021 genom att utse \u00e5rets 21 b\u00e4sta l\u00e5tar. En ny placering sl\u00e4pps varje dag \u00e4nda till ny\u00e5rsafton d\u00e5 \u00e5rets l\u00e5t koras.<\/p>\n<p><strong>Plats 2: Needtobreathe \u2013 \u201dI Am Yours\u201d<\/strong><\/p>\n<p>F\u00f6rra \u00e5ret fann vi South Carolina-rockarna\u00a0h\u00f6gt upp p\u00e5 2020 \u00e5rs nedr\u00e4kning. Den h\u00e4r g\u00e5ngen g\u00f6r vi det igen. F\u00f6r under \u00e5ret kom deras nya m\u00e4sterverk,\u00a0<em>Into The Mystery<\/em>,\u00a0d\u00e4r flera av l\u00e5tarna har kapacitet att placera sig h\u00f6gt p\u00e5 denna lista. Men till slut stod det \u00e4nd\u00e5 ganska klart att denna lite bombastiska l\u00e5t om k\u00e4rleken till Gud \u00e4r den allra b\u00e4sta fr\u00e5n skivan. En grandios l\u00e5t som sticker ut, inte bara med en grammens bra text utan med hela kompotten. Snyggt v\u00e4rre!<\/p>\n<div class=\"video-container\"><iframe loading=\"lazy\" title=\"NEEDTOBREATHE - \u201cI Am Yours\u201d [Lyric Video]\" width=\"500\" height=\"281\" src=\"https:\/\/www.youtube.com\/embed\/ELi8hN0PYBU?feature=oembed\" frameborder=\"0\" allow=\"accelerometer; autoplay; clipboard-write; encrypted-media; gyroscope; picture-in-picture; web-share\" referrerpolicy=\"strict-origin-when-cross-origin\" allowfullscreen><\/iframe><\/div>\n","protected":false},"excerpt":{"rendered":"<p>H\u00e4ng med oss n\u00e4r vi r\u00e4knar ner 2021 genom att utse \u00e5rets 21 b\u00e4sta l\u00e5tar. En ny placering sl\u00e4pps varje dag \u00e4nda till ny\u00e5rsafton d\u00e5 \u00e5rets l\u00e5t [&hellip;]<\/p>\n","protected":false},"author":15,"featured_media":0,"comment_status":"open","ping_status":"open","sticky":false,"template":"","format":"standard","meta":{"footnotes":"","_links_to":"","_links_to_target":""},"categories":[1],"tags":[],"class_list":["post-6531","post","type-post","status-publish","format-standard","hentry","category-musik"],"_links":{"self":[{"href":"http:\/\/blogg.varldenidag.se\/musik\/wp-json\/wp\/v2\/posts\/6531","targetHints":{"allow":["GET"]}}],"collection":[{"href":"http:\/\/blogg.varldenidag.se\/musik\/wp-json\/wp\/v2\/posts"}],"about":[{"href":"http:\/\/blogg.varldenidag.se\/musik\/wp-json\/wp\/v2\/types\/post"}],"author":[{"embeddable":true,"href":"http:\/\/blogg.varldenidag.se\/musik\/wp-json\/wp\/v2\/users\/15"}],"replies":[{"embeddable":true,"href":"http:\/\/blogg.varldenidag.se\/musik\/wp-json\/wp\/v2\/comments?post=6531"}],"version-history":[{"count":2,"href":"http:\/\/blogg.varldenidag.se\/musik\/wp-json\/wp\/v2\/posts\/6531\/revisions"}],"predecessor-version":[{"id":6568,"href":"http:\/\/blogg.varldenidag.se\/musik\/wp-json\/wp\/v2\/posts\/6531\/revisions\/6568"}],"wp:attachment":[{"href":"http:\/\/blogg.varldenidag.se\/musik\/wp-json\/wp\/v2\/media?parent=6531"}],"wp:term":[{"taxonomy":"category","embeddable":true,"href":"http:\/\/blogg.varldenidag.se\/musik\/wp-json\/wp\/v2\/categories?post=6531"},{"taxonomy":"post_tag","embeddable":true,"href":"http:\/\/blogg.varldenidag.se\/musik\/wp-json\/wp\/v2\/tags?post=6531"}],"curies":[{"name":"wp","href":"https:\/\/api.w.org\/{rel}","templated":true}]}}