{"id":653,"date":"2012-10-04T21:51:23","date_gmt":"2012-10-04T19:51:23","guid":{"rendered":"http:\/\/blogg.varldenidag.se\/musik\/?p=653"},"modified":"2013-11-25T09:18:17","modified_gmt":"2013-11-25T08:18:17","slug":"sneakpeek-av-chapmans-nya-julskiva","status":"publish","type":"post","link":"http:\/\/blogg.varldenidag.se\/musik\/sneakpeek-av-chapmans-nya-julskiva\/","title":{"rendered":"Sneakpeek av Chapmans nya julskiva"},"content":{"rendered":"<p><a href=\"http:\/\/blogg.varldenidag.se\/musik\/files\/2012\/10\/StevenCurtisChapman_Joy_250.jpg\"><img loading=\"lazy\" decoding=\"async\" class=\"alignright size-full wp-image-654\" alt=\"\" src=\"http:\/\/blogg.varldenidag.se\/musik\/files\/2012\/10\/StevenCurtisChapman_Joy_250.jpg\" width=\"250\" height=\"250\" srcset=\"http:\/\/blogg.varldenidag.se\/musik\/files\/2012\/10\/StevenCurtisChapman_Joy_250.jpg 250w, http:\/\/blogg.varldenidag.se\/musik\/files\/2012\/10\/StevenCurtisChapman_Joy_250-150x150.jpg 150w\" sizes=\"auto, (max-width: 250px) 100vw, 250px\" \/><\/a>Teamet kring <strong>Steven Curtis Chapman<\/strong> har t\u00e4nkt p\u00e5 alla oss som har sv\u00e5rt att v\u00e4nta p\u00e5 releasedatum och s\u00e5nt d\u00e4r. S\u00e5 de har &#8221;l\u00e4ckt&#8221; klipp p\u00e5 alla l\u00e5tar fr\u00e5n Stevens nya skiva <em>Joy<\/em> p\u00e5 hans hemsida.<\/p>\n<p>Jag sitter och skriver detta under f\u00f6rsta genomlyssningen och det k\u00e4nns som en nystart rent artistiskt f\u00f6r Steven. S\u00e5 sk\u00f6nt att h\u00f6ra att han inte l\u00e5ser sig vid originall\u00e5tarnas ackordv\u00e4ndor och melodier utan v\u00e5gar att l\u00e4gga sitt eget musikaliska raster \u00f6ver produktionen. Sen m\u00e5ste jag s\u00e4ga att jag gillar n\u00e4r Steven kastar sig in i lite mer jazziga tong\u00e5ngar.<\/p>\n<p>P\u00e5 det stora hela k\u00e4nns det som att Steven och hans musiker har haft v\u00e4ldigt kul under inspelningen. L\u00e5tarna sjuder av spelgl\u00e4dje. K\u00e4nns ocks\u00e5 som vi h\u00f6r en Steven som inte l\u00e4ngre str\u00e4var efter att l\u00e5ta ungdomlig utan l\u00e5ter det h\u00f6ras att han faktiskt snart \u00e4r \u00f6ver femtio. Och det k\u00e4nns helt r\u00e4tt.<\/p>\n<p>L\u00e4tt att den h\u00e4r skivan kommer spelas flitigt hemma hos mig i jul.<\/p>\n<p>Nyfiken p\u00e5 hur det l\u00e5ter? <a href=\"http:\/\/stevencurtischapman.com\/music\/joy?utm_source=Steven+Curtis+Chapman+Newsletter&amp;utm_campaign=8f8b03f359-Christmas_Album_Preview9_19_2012&amp;utm_medium=email&amp;mc_cid=8f8b03f359&amp;mc_eid=577f2c8161\" target=\"_blank\">H\u00e4r \u00e4r l\u00e4nken till sidan med klippen<\/a>.<br \/>\nSkivan sl\u00e4pps 16 oktober.<\/p>\n","protected":false},"excerpt":{"rendered":"<p>Teamet kring Steven Curtis Chapman har t\u00e4nkt p\u00e5 alla oss som har sv\u00e5rt att v\u00e4nta p\u00e5 releasedatum och s\u00e5nt d\u00e4r. S\u00e5 de har &#8221;l\u00e4ckt&#8221; klipp p\u00e5 alla [&hellip;]<\/p>\n","protected":false},"author":14,"featured_media":654,"comment_status":"open","ping_status":"open","sticky":false,"template":"","format":"standard","meta":{"footnotes":"","_links_to":"","_links_to_target":""},"categories":[1],"tags":[214,112],"class_list":["post-653","post","type-post","status-publish","format-standard","has-post-thumbnail","hentry","category-musik","tag-jul","tag-steven-curtis-chapman"],"_links":{"self":[{"href":"http:\/\/blogg.varldenidag.se\/musik\/wp-json\/wp\/v2\/posts\/653","targetHints":{"allow":["GET"]}}],"collection":[{"href":"http:\/\/blogg.varldenidag.se\/musik\/wp-json\/wp\/v2\/posts"}],"about":[{"href":"http:\/\/blogg.varldenidag.se\/musik\/wp-json\/wp\/v2\/types\/post"}],"author":[{"embeddable":true,"href":"http:\/\/blogg.varldenidag.se\/musik\/wp-json\/wp\/v2\/users\/14"}],"replies":[{"embeddable":true,"href":"http:\/\/blogg.varldenidag.se\/musik\/wp-json\/wp\/v2\/comments?post=653"}],"version-history":[{"count":10,"href":"http:\/\/blogg.varldenidag.se\/musik\/wp-json\/wp\/v2\/posts\/653\/revisions"}],"predecessor-version":[{"id":1697,"href":"http:\/\/blogg.varldenidag.se\/musik\/wp-json\/wp\/v2\/posts\/653\/revisions\/1697"}],"wp:featuredmedia":[{"embeddable":true,"href":"http:\/\/blogg.varldenidag.se\/musik\/wp-json\/wp\/v2\/media\/654"}],"wp:attachment":[{"href":"http:\/\/blogg.varldenidag.se\/musik\/wp-json\/wp\/v2\/media?parent=653"}],"wp:term":[{"taxonomy":"category","embeddable":true,"href":"http:\/\/blogg.varldenidag.se\/musik\/wp-json\/wp\/v2\/categories?post=653"},{"taxonomy":"post_tag","embeddable":true,"href":"http:\/\/blogg.varldenidag.se\/musik\/wp-json\/wp\/v2\/tags?post=653"}],"curies":[{"name":"wp","href":"https:\/\/api.w.org\/{rel}","templated":true}]}}