{"id":6501,"date":"2021-12-16T00:12:18","date_gmt":"2021-12-15T23:12:18","guid":{"rendered":"http:\/\/blogg.varldenidag.se\/musik\/?p=6501"},"modified":"2021-12-20T09:49:04","modified_gmt":"2021-12-20T08:49:04","slug":"topp-21-2021-plats-16","status":"publish","type":"post","link":"http:\/\/blogg.varldenidag.se\/musik\/topp-21-2021-plats-16\/","title":{"rendered":"Topp 21 2021: Plats 16"},"content":{"rendered":"<p>\u00c4ntligen \u00e4r vi ig\u00e5ng! H\u00e4ng med oss n\u00e4r vi r\u00e4knar ner 2021 genom att utse \u00e5rets 21 b\u00e4sta l\u00e5tar. En ny placering sl\u00e4pps varje dag \u00e4nda till ny\u00e5rsafton d\u00e5 \u00e5rets l\u00e5t koras.<\/p>\n<p><strong>Plats 16: Esther Collective \u2013 \u201dMed Dig\u201d<\/strong><\/p>\n<p>Ett gift Stockholmspar med en finfin f\u00f6rm\u00e5ga i popsnickrandets \u00e4dla konst. Med ett av sina f\u00f6rsta sl\u00e4pp tar de sig direkt in p\u00e5 denna nedr\u00e4kning genom sin klistrande l\u00e5t som \u00e4r som bomull f\u00f6r alla nit\u00e4lskande \u00f6ron. Refr\u00e4ngen s\u00e4tter sig och stannar g\u00e4rna kvar i ditt huvud, det vill vi lova dig. Det ska bli v\u00e4ldigt sp\u00e4nnande att se vad <strong>Esther Collective<\/strong>\u00a0har p\u00e5 g\u00e5ng fram\u00f6ver!<\/p>\n<div class=\"video-container\"><iframe loading=\"lazy\" title=\"Med Dig\" width=\"500\" height=\"375\" src=\"https:\/\/www.youtube.com\/embed\/25Nm3vCzvhA?feature=oembed\" frameborder=\"0\" allow=\"accelerometer; autoplay; clipboard-write; encrypted-media; gyroscope; picture-in-picture; web-share\" referrerpolicy=\"strict-origin-when-cross-origin\" allowfullscreen><\/iframe><\/div>\n","protected":false},"excerpt":{"rendered":"<p>\u00c4ntligen \u00e4r vi ig\u00e5ng! H\u00e4ng med oss n\u00e4r vi r\u00e4knar ner 2021 genom att utse \u00e5rets 21 b\u00e4sta l\u00e5tar. En ny placering sl\u00e4pps varje dag \u00e4nda till [&hellip;]<\/p>\n","protected":false},"author":15,"featured_media":0,"comment_status":"open","ping_status":"open","sticky":false,"template":"","format":"standard","meta":{"footnotes":"","_links_to":"","_links_to_target":""},"categories":[1],"tags":[],"class_list":["post-6501","post","type-post","status-publish","format-standard","hentry","category-musik"],"_links":{"self":[{"href":"http:\/\/blogg.varldenidag.se\/musik\/wp-json\/wp\/v2\/posts\/6501","targetHints":{"allow":["GET"]}}],"collection":[{"href":"http:\/\/blogg.varldenidag.se\/musik\/wp-json\/wp\/v2\/posts"}],"about":[{"href":"http:\/\/blogg.varldenidag.se\/musik\/wp-json\/wp\/v2\/types\/post"}],"author":[{"embeddable":true,"href":"http:\/\/blogg.varldenidag.se\/musik\/wp-json\/wp\/v2\/users\/15"}],"replies":[{"embeddable":true,"href":"http:\/\/blogg.varldenidag.se\/musik\/wp-json\/wp\/v2\/comments?post=6501"}],"version-history":[{"count":5,"href":"http:\/\/blogg.varldenidag.se\/musik\/wp-json\/wp\/v2\/posts\/6501\/revisions"}],"predecessor-version":[{"id":6549,"href":"http:\/\/blogg.varldenidag.se\/musik\/wp-json\/wp\/v2\/posts\/6501\/revisions\/6549"}],"wp:attachment":[{"href":"http:\/\/blogg.varldenidag.se\/musik\/wp-json\/wp\/v2\/media?parent=6501"}],"wp:term":[{"taxonomy":"category","embeddable":true,"href":"http:\/\/blogg.varldenidag.se\/musik\/wp-json\/wp\/v2\/categories?post=6501"},{"taxonomy":"post_tag","embeddable":true,"href":"http:\/\/blogg.varldenidag.se\/musik\/wp-json\/wp\/v2\/tags?post=6501"}],"curies":[{"name":"wp","href":"https:\/\/api.w.org\/{rel}","templated":true}]}}