{"id":6438,"date":"2021-11-29T00:42:50","date_gmt":"2021-11-28T23:42:50","guid":{"rendered":"http:\/\/blogg.varldenidag.se\/musik\/?p=6438"},"modified":"2021-11-18T10:48:24","modified_gmt":"2021-11-18T09:48:24","slug":"stark-pop-fran-pappas","status":"publish","type":"post","link":"http:\/\/blogg.varldenidag.se\/musik\/stark-pop-fran-pappas\/","title":{"rendered":"Stark pop fr\u00e5n Pappas"},"content":{"rendered":"<p>2021 \u00e4r inte bara \u00e5ret d\u00e5 vi f\u00e5tt \u00e5terf\u00f6renas med v\u00e5ra n\u00e4ra och k\u00e4ra, \u00e5ret \u00e4r ocks\u00e5 d\u00e5 vi f\u00f6r f\u00f6rsta g\u00e5ngen f\u00e5tt stifta bekantskap med\u00a0<strong>Alexander Pappas.\u00a0<\/strong>Det h\u00e4r \u00e4r ett namn som du b\u00f6r punktmarkera, f\u00f6r p\u00e5 kort tid har han seglat upp som en arvtagare p\u00e5 CCM-scenen. Amerikanen \u00e4r den senaste av nya namn som vi f\u00e5tt l\u00e4ra oss under \u00e5ret, och det \u00e4r inte f\u00f6r inte som\u00a0<strong>Alexander Pappas\u00a0<\/strong>blivit s\u00e5 popul\u00e4r.<\/p>\n<p>Hans eleganta pop \u00e4r b\u00e5de l\u00e4ttillg\u00e4nglig och skarp, och hans texter har substans. L\u00e5tar som\u00a0<em>&#8221;A Beautiful Life&#8221;\u00a0<\/em>och\u00a0<em>&#8221;K.O.&#8221;\u00a0<\/em>har redan f\u00e5ngat m\u00e5nga, och mer l\u00e4r finnas bakom h\u00f6rnet. Se till att h\u00e5lla koll p\u00e5\u00a0<strong>Pappas\u00a0<\/strong>och missa inte att njuta av nya EP:n\u00a0<em>&#8221;Idaho (Campfire Edition)&#8221;\u00a0<\/em>fylld med m\u00e5nga godbitar.<\/p>\n<p><strong>Spotify-l\u00e4nk: <\/strong><a href=\"https:\/\/open.spotify.com\/track\/4bbhJ2YKKPZ89cjXex10TL?si=a9321de5161e44ab\">https:\/\/open.spotify.com\/track\/4bbhJ2YKKPZ89cjXex10TL?si=a9321de5161e44ab<\/a><\/p>\n<div class=\"video-container\"><iframe loading=\"lazy\" title=\"Alexander Pappas - A BEAUTIFUL LIFE (Official Music Video)\" width=\"500\" height=\"281\" src=\"https:\/\/www.youtube.com\/embed\/KmJbfiGzpv4?feature=oembed\" frameborder=\"0\" allow=\"accelerometer; autoplay; clipboard-write; encrypted-media; gyroscope; picture-in-picture; web-share\" referrerpolicy=\"strict-origin-when-cross-origin\" allowfullscreen><\/iframe><\/div>\n","protected":false},"excerpt":{"rendered":"<p>2021 \u00e4r inte bara \u00e5ret d\u00e5 vi f\u00e5tt \u00e5terf\u00f6renas med v\u00e5ra n\u00e4ra och k\u00e4ra, \u00e5ret \u00e4r ocks\u00e5 d\u00e5 vi f\u00f6r f\u00f6rsta g\u00e5ngen f\u00e5tt stifta bekantskap med\u00a0Alexander Pappas.\u00a0Det [&hellip;]<\/p>\n","protected":false},"author":15,"featured_media":0,"comment_status":"open","ping_status":"open","sticky":false,"template":"","format":"standard","meta":{"footnotes":"","_links_to":"","_links_to_target":""},"categories":[1],"tags":[],"class_list":["post-6438","post","type-post","status-publish","format-standard","hentry","category-musik"],"_links":{"self":[{"href":"http:\/\/blogg.varldenidag.se\/musik\/wp-json\/wp\/v2\/posts\/6438","targetHints":{"allow":["GET"]}}],"collection":[{"href":"http:\/\/blogg.varldenidag.se\/musik\/wp-json\/wp\/v2\/posts"}],"about":[{"href":"http:\/\/blogg.varldenidag.se\/musik\/wp-json\/wp\/v2\/types\/post"}],"author":[{"embeddable":true,"href":"http:\/\/blogg.varldenidag.se\/musik\/wp-json\/wp\/v2\/users\/15"}],"replies":[{"embeddable":true,"href":"http:\/\/blogg.varldenidag.se\/musik\/wp-json\/wp\/v2\/comments?post=6438"}],"version-history":[{"count":2,"href":"http:\/\/blogg.varldenidag.se\/musik\/wp-json\/wp\/v2\/posts\/6438\/revisions"}],"predecessor-version":[{"id":6473,"href":"http:\/\/blogg.varldenidag.se\/musik\/wp-json\/wp\/v2\/posts\/6438\/revisions\/6473"}],"wp:attachment":[{"href":"http:\/\/blogg.varldenidag.se\/musik\/wp-json\/wp\/v2\/media?parent=6438"}],"wp:term":[{"taxonomy":"category","embeddable":true,"href":"http:\/\/blogg.varldenidag.se\/musik\/wp-json\/wp\/v2\/categories?post=6438"},{"taxonomy":"post_tag","embeddable":true,"href":"http:\/\/blogg.varldenidag.se\/musik\/wp-json\/wp\/v2\/tags?post=6438"}],"curies":[{"name":"wp","href":"https:\/\/api.w.org\/{rel}","templated":true}]}}