{"id":6352,"date":"2021-10-11T00:37:55","date_gmt":"2021-10-10T22:37:55","guid":{"rendered":"http:\/\/blogg.varldenidag.se\/musik\/?p=6352"},"modified":"2021-10-08T13:50:07","modified_gmt":"2021-10-08T11:50:07","slug":"den-svenska-lovsangens-hemvist","status":"publish","type":"post","link":"http:\/\/blogg.varldenidag.se\/musik\/den-svenska-lovsangens-hemvist\/","title":{"rendered":"Den svenska lovs\u00e5ngens hemvist"},"content":{"rendered":"<p>Gillar du svensk lovs\u00e5ng? Ta d\u00e5 genast och klicka dig vidare via spellistan nedan s\u00e5 hamnar du p\u00e5\u00a0<strong>Vibe Lovs\u00e5ng\u00a0<\/strong>\u2013 spellistan som vi uppdaterar l\u00f6pande med nya sl\u00e4pp av svensk lovs\u00e5ng. Dessutom finns h\u00e4r ett helt g\u00e4ng l\u00e5tar som redan funnits ute ett tag. Ett m\u00e5ste f\u00f6r alla er som \u00e4lskar ny lovs\u00e5ng!<\/p>\n<div class=\"video-container\"><iframe title=\"Spotify Embed: Svensk lovs\u00e5ng\" style=\"border-radius: 12px\" width=\"100%\" height=\"352\" frameborder=\"0\" allowfullscreen allow=\"autoplay; clipboard-write; encrypted-media; fullscreen; picture-in-picture\" loading=\"lazy\" src=\"https:\/\/open.spotify.com\/embed\/playlist\/3r38LnPeXB1InI9FrNn9gs?si=4fc15635f0994dcd&#038;utm_source=oembed\"><\/iframe><\/div>\n","protected":false},"excerpt":{"rendered":"<p>Gillar du svensk lovs\u00e5ng? Ta d\u00e5 genast och klicka dig vidare via spellistan nedan s\u00e5 hamnar du p\u00e5\u00a0Vibe Lovs\u00e5ng\u00a0\u2013 spellistan som vi uppdaterar l\u00f6pande med nya sl\u00e4pp [&hellip;]<\/p>\n","protected":false},"author":15,"featured_media":0,"comment_status":"open","ping_status":"open","sticky":false,"template":"","format":"standard","meta":{"footnotes":"","_links_to":"","_links_to_target":""},"categories":[1],"tags":[],"class_list":["post-6352","post","type-post","status-publish","format-standard","hentry","category-musik"],"_links":{"self":[{"href":"http:\/\/blogg.varldenidag.se\/musik\/wp-json\/wp\/v2\/posts\/6352","targetHints":{"allow":["GET"]}}],"collection":[{"href":"http:\/\/blogg.varldenidag.se\/musik\/wp-json\/wp\/v2\/posts"}],"about":[{"href":"http:\/\/blogg.varldenidag.se\/musik\/wp-json\/wp\/v2\/types\/post"}],"author":[{"embeddable":true,"href":"http:\/\/blogg.varldenidag.se\/musik\/wp-json\/wp\/v2\/users\/15"}],"replies":[{"embeddable":true,"href":"http:\/\/blogg.varldenidag.se\/musik\/wp-json\/wp\/v2\/comments?post=6352"}],"version-history":[{"count":2,"href":"http:\/\/blogg.varldenidag.se\/musik\/wp-json\/wp\/v2\/posts\/6352\/revisions"}],"predecessor-version":[{"id":6361,"href":"http:\/\/blogg.varldenidag.se\/musik\/wp-json\/wp\/v2\/posts\/6352\/revisions\/6361"}],"wp:attachment":[{"href":"http:\/\/blogg.varldenidag.se\/musik\/wp-json\/wp\/v2\/media?parent=6352"}],"wp:term":[{"taxonomy":"category","embeddable":true,"href":"http:\/\/blogg.varldenidag.se\/musik\/wp-json\/wp\/v2\/categories?post=6352"},{"taxonomy":"post_tag","embeddable":true,"href":"http:\/\/blogg.varldenidag.se\/musik\/wp-json\/wp\/v2\/tags?post=6352"}],"curies":[{"name":"wp","href":"https:\/\/api.w.org\/{rel}","templated":true}]}}