{"id":6349,"date":"2021-10-13T00:34:16","date_gmt":"2021-10-12T22:34:16","guid":{"rendered":"http:\/\/blogg.varldenidag.se\/musik\/?p=6349"},"modified":"2021-10-15T10:37:05","modified_gmt":"2021-10-15T08:37:05","slug":"6349-2","status":"publish","type":"post","link":"http:\/\/blogg.varldenidag.se\/musik\/6349-2\/","title":{"rendered":"Det b\u00e4sta av tv\u00e5 v\u00e4rldar"},"content":{"rendered":"<p>Nytt och gammalt i en enda sk\u00f6n f\u00f6rening.\u00a0<strong>Mixtape\u00a0<\/strong>\u00e4r spellistan som s\u00e4tter ihop det b\u00e4sta av tv\u00e5 v\u00e4rldar och skapar en l\u00e5ng, h\u00e4rlig mix av grymt bra musik &#8211; fr\u00e5n b\u00f6rjan till slut.<\/p>\n<p>Psst&#8230; f\u00f6lj SOUNDSHINE p\u00e5 Spotify f\u00f6r en v\u00e4rld av spellistor!<\/p>\n<div class=\"video-container\"><iframe title=\"Spotify Embed: Mixtape\" style=\"border-radius: 12px\" width=\"100%\" height=\"352\" frameborder=\"0\" allowfullscreen allow=\"autoplay; clipboard-write; encrypted-media; fullscreen; picture-in-picture\" loading=\"lazy\" src=\"https:\/\/open.spotify.com\/embed\/playlist\/6MqThLaEBCatu28VdO7QPi?si=8a7842fca84343fe&#038;utm_source=oembed\"><\/iframe><\/div>\n","protected":false},"excerpt":{"rendered":"<p>Nytt och gammalt i en enda sk\u00f6n f\u00f6rening.\u00a0Mixtape\u00a0\u00e4r spellistan som s\u00e4tter ihop det b\u00e4sta av tv\u00e5 v\u00e4rldar och skapar en l\u00e5ng, h\u00e4rlig mix av grymt bra musik [&hellip;]<\/p>\n","protected":false},"author":15,"featured_media":0,"comment_status":"open","ping_status":"open","sticky":false,"template":"","format":"standard","meta":{"footnotes":"","_links_to":"","_links_to_target":""},"categories":[1],"tags":[],"class_list":["post-6349","post","type-post","status-publish","format-standard","hentry","category-musik"],"_links":{"self":[{"href":"http:\/\/blogg.varldenidag.se\/musik\/wp-json\/wp\/v2\/posts\/6349","targetHints":{"allow":["GET"]}}],"collection":[{"href":"http:\/\/blogg.varldenidag.se\/musik\/wp-json\/wp\/v2\/posts"}],"about":[{"href":"http:\/\/blogg.varldenidag.se\/musik\/wp-json\/wp\/v2\/types\/post"}],"author":[{"embeddable":true,"href":"http:\/\/blogg.varldenidag.se\/musik\/wp-json\/wp\/v2\/users\/15"}],"replies":[{"embeddable":true,"href":"http:\/\/blogg.varldenidag.se\/musik\/wp-json\/wp\/v2\/comments?post=6349"}],"version-history":[{"count":2,"href":"http:\/\/blogg.varldenidag.se\/musik\/wp-json\/wp\/v2\/posts\/6349\/revisions"}],"predecessor-version":[{"id":6364,"href":"http:\/\/blogg.varldenidag.se\/musik\/wp-json\/wp\/v2\/posts\/6349\/revisions\/6364"}],"wp:attachment":[{"href":"http:\/\/blogg.varldenidag.se\/musik\/wp-json\/wp\/v2\/media?parent=6349"}],"wp:term":[{"taxonomy":"category","embeddable":true,"href":"http:\/\/blogg.varldenidag.se\/musik\/wp-json\/wp\/v2\/categories?post=6349"},{"taxonomy":"post_tag","embeddable":true,"href":"http:\/\/blogg.varldenidag.se\/musik\/wp-json\/wp\/v2\/tags?post=6349"}],"curies":[{"name":"wp","href":"https:\/\/api.w.org\/{rel}","templated":true}]}}