{"id":6347,"date":"2021-10-08T19:32:20","date_gmt":"2021-10-08T17:32:20","guid":{"rendered":"http:\/\/blogg.varldenidag.se\/musik\/?p=6347"},"modified":"2021-10-08T13:51:09","modified_gmt":"2021-10-08T11:51:09","slug":"helgens-egen-spellista-2","status":"publish","type":"post","link":"http:\/\/blogg.varldenidag.se\/musik\/helgens-egen-spellista-2\/","title":{"rendered":"Helgens egen spellista"},"content":{"rendered":"<p>H\u00f6rni \u2013 \u00e4r det helg s\u00e5 \u00e4r det! D\u00e4rf\u00f6r har vi satt ihop ett soundtrack till veckornas drottning, de sju dagarnas epicentrum och det som vi alla l\u00e4ngtar efter p\u00e5 m\u00e5ndag morgon.<\/p>\n<p><strong>Weekend Vibes\u00a0<\/strong>\u00e4r helt enkelt spellistan som f\u00e5r dig att komma in i r\u00e4tt st\u00e4mning och k\u00e4nsla inf\u00f6r helgen. Och uppdateras hela tiden med nya sl\u00e4pp, dessutom.<\/p>\n<p>Psst&#8230; f\u00f6lj SOUNDSHINE p\u00e5 Spotify f\u00f6r att en v\u00e4rld av spellistor!<\/p>\n<div class=\"video-container\"><iframe title=\"Spotify Embed: Weekend Vibes\" style=\"border-radius: 12px\" width=\"100%\" height=\"352\" frameborder=\"0\" allowfullscreen allow=\"autoplay; clipboard-write; encrypted-media; fullscreen; picture-in-picture\" loading=\"lazy\" src=\"https:\/\/open.spotify.com\/embed\/playlist\/1SUSZzbzfh4nx6ujNafBPq?si=55cbeb7cf8a4494b&#038;utm_source=oembed\"><\/iframe><\/div>\n","protected":false},"excerpt":{"rendered":"<p>H\u00f6rni \u2013 \u00e4r det helg s\u00e5 \u00e4r det! D\u00e4rf\u00f6r har vi satt ihop ett soundtrack till veckornas drottning, de sju dagarnas epicentrum och det som vi alla [&hellip;]<\/p>\n","protected":false},"author":15,"featured_media":0,"comment_status":"open","ping_status":"open","sticky":false,"template":"","format":"standard","meta":{"footnotes":"","_links_to":"","_links_to_target":""},"categories":[1],"tags":[],"class_list":["post-6347","post","type-post","status-publish","format-standard","hentry","category-musik"],"_links":{"self":[{"href":"http:\/\/blogg.varldenidag.se\/musik\/wp-json\/wp\/v2\/posts\/6347","targetHints":{"allow":["GET"]}}],"collection":[{"href":"http:\/\/blogg.varldenidag.se\/musik\/wp-json\/wp\/v2\/posts"}],"about":[{"href":"http:\/\/blogg.varldenidag.se\/musik\/wp-json\/wp\/v2\/types\/post"}],"author":[{"embeddable":true,"href":"http:\/\/blogg.varldenidag.se\/musik\/wp-json\/wp\/v2\/users\/15"}],"replies":[{"embeddable":true,"href":"http:\/\/blogg.varldenidag.se\/musik\/wp-json\/wp\/v2\/comments?post=6347"}],"version-history":[{"count":2,"href":"http:\/\/blogg.varldenidag.se\/musik\/wp-json\/wp\/v2\/posts\/6347\/revisions"}],"predecessor-version":[{"id":6363,"href":"http:\/\/blogg.varldenidag.se\/musik\/wp-json\/wp\/v2\/posts\/6347\/revisions\/6363"}],"wp:attachment":[{"href":"http:\/\/blogg.varldenidag.se\/musik\/wp-json\/wp\/v2\/media?parent=6347"}],"wp:term":[{"taxonomy":"category","embeddable":true,"href":"http:\/\/blogg.varldenidag.se\/musik\/wp-json\/wp\/v2\/categories?post=6347"},{"taxonomy":"post_tag","embeddable":true,"href":"http:\/\/blogg.varldenidag.se\/musik\/wp-json\/wp\/v2\/tags?post=6347"}],"curies":[{"name":"wp","href":"https:\/\/api.w.org\/{rel}","templated":true}]}}