{"id":6345,"date":"2021-10-06T22:31:28","date_gmt":"2021-10-06T20:31:28","guid":{"rendered":"http:\/\/blogg.varldenidag.se\/musik\/?p=6345"},"modified":"2021-10-08T13:45:58","modified_gmt":"2021-10-08T11:45:58","slug":"rockens-hemvist","status":"publish","type":"post","link":"http:\/\/blogg.varldenidag.se\/musik\/rockens-hemvist\/","title":{"rendered":"Rockens hemvist"},"content":{"rendered":"<p>Gillar du rock? D\u00e5 ska du inte missa att bums lyssna in v\u00e5r spellista\u00a0<strong>Vibe Rocket\u00a0<\/strong>\u2013 en lista spr\u00e4ngfylld med de senaste sl\u00e4ppen i rockf\u00e5ran. Rockens hemvist, helt enkelt.<\/p>\n<p>Lyssna och f\u00f6lj f\u00f6r att inte missa n\u00e5gra nya grymma releaser!<\/p>\n<div class=\"video-container\"><iframe title=\"Spotify Embed: Vibe Rocket\" style=\"border-radius: 12px\" width=\"100%\" height=\"352\" frameborder=\"0\" allowfullscreen allow=\"autoplay; clipboard-write; encrypted-media; fullscreen; picture-in-picture\" loading=\"lazy\" src=\"https:\/\/open.spotify.com\/embed\/playlist\/1VIJ49P5h36qXtnOlhtOD4?si=ee112af775124d5c&#038;utm_source=oembed\"><\/iframe><\/div>\n","protected":false},"excerpt":{"rendered":"<p>Gillar du rock? D\u00e5 ska du inte missa att bums lyssna in v\u00e5r spellista\u00a0Vibe Rocket\u00a0\u2013 en lista spr\u00e4ngfylld med de senaste sl\u00e4ppen i rockf\u00e5ran. Rockens hemvist, helt [&hellip;]<\/p>\n","protected":false},"author":15,"featured_media":0,"comment_status":"open","ping_status":"open","sticky":false,"template":"","format":"standard","meta":{"footnotes":"","_links_to":"","_links_to_target":""},"categories":[1],"tags":[],"class_list":["post-6345","post","type-post","status-publish","format-standard","hentry","category-musik"],"_links":{"self":[{"href":"http:\/\/blogg.varldenidag.se\/musik\/wp-json\/wp\/v2\/posts\/6345","targetHints":{"allow":["GET"]}}],"collection":[{"href":"http:\/\/blogg.varldenidag.se\/musik\/wp-json\/wp\/v2\/posts"}],"about":[{"href":"http:\/\/blogg.varldenidag.se\/musik\/wp-json\/wp\/v2\/types\/post"}],"author":[{"embeddable":true,"href":"http:\/\/blogg.varldenidag.se\/musik\/wp-json\/wp\/v2\/users\/15"}],"replies":[{"embeddable":true,"href":"http:\/\/blogg.varldenidag.se\/musik\/wp-json\/wp\/v2\/comments?post=6345"}],"version-history":[{"count":2,"href":"http:\/\/blogg.varldenidag.se\/musik\/wp-json\/wp\/v2\/posts\/6345\/revisions"}],"predecessor-version":[{"id":6354,"href":"http:\/\/blogg.varldenidag.se\/musik\/wp-json\/wp\/v2\/posts\/6345\/revisions\/6354"}],"wp:attachment":[{"href":"http:\/\/blogg.varldenidag.se\/musik\/wp-json\/wp\/v2\/media?parent=6345"}],"wp:term":[{"taxonomy":"category","embeddable":true,"href":"http:\/\/blogg.varldenidag.se\/musik\/wp-json\/wp\/v2\/categories?post=6345"},{"taxonomy":"post_tag","embeddable":true,"href":"http:\/\/blogg.varldenidag.se\/musik\/wp-json\/wp\/v2\/tags?post=6345"}],"curies":[{"name":"wp","href":"https:\/\/api.w.org\/{rel}","templated":true}]}}