{"id":6337,"date":"2021-10-14T00:01:14","date_gmt":"2021-10-13T22:01:14","guid":{"rendered":"http:\/\/blogg.varldenidag.se\/musik\/?p=6337"},"modified":"2021-10-15T10:39:11","modified_gmt":"2021-10-15T08:39:11","slug":"spannande-musikprojekt-fran-malmo","status":"publish","type":"post","link":"http:\/\/blogg.varldenidag.se\/musik\/spannande-musikprojekt-fran-malmo\/","title":{"rendered":"Sp\u00e4nnande musikprojekt fr\u00e5n Malm\u00f6"},"content":{"rendered":"<p>Efter en l\u00e5ng musikalisk tystnad har Malm\u00f6bon\u00a0<strong>Daniel Dahlqvist\u00a0<\/strong>sl\u00e4ppt ifr\u00e5n sig ett riktigt sp\u00e4nnande musikaliskt projekt; The Zero Seveenteen Project. Med musik som \u00e4r sprungen ur b\u00e5de hopp, tro och tvivel \u00e4r till exempel hans l\u00e5t\u00a0<em>&#8221;Saviour&#8221;\u00a0<\/em>fr\u00e5n skivan ett av de mest sp\u00e4nnande svenska sl\u00e4ppen under detta \u00e5r.<\/p>\n<p><strong>Daniel\u00a0<\/strong>har en stark r\u00f6st som b\u00e4r upp budskapet i l\u00e5ten, men texten har ocks\u00e5 flera bottnar och \u00e4r t\u00e4nkv\u00e4rd i temat att vi alla beh\u00f6ver en fr\u00e4lsare i v\u00e5ra liv. En l\u00e5t som fastnar och som dessutom ber\u00f6r \u2013 starkt jobbat!<\/p>\n<p>Lyssna g\u00e4rna in mer av\u00a0<strong>Daniel\u00a0<\/strong>och kolla in mer av hans projekt p\u00e5 hans websida, <a href=\"http:\/\/www.zeroseventeenproject.com\">zeroseventeenproject.com<\/a><\/p>\n<p><strong>Spotify-l\u00e4nk:\u00a0<\/strong><a href=\"https:\/\/open.spotify.com\/track\/1owYyXg4kM7JlQ1Dfe3rYr?si=0b47f9dd4ac34ba8\">https:\/\/open.spotify.com\/track\/1owYyXg4kM7JlQ1Dfe3rYr?si=0b47f9dd4ac34ba8<\/a><\/p>\n<div class=\"video-container\"><iframe loading=\"lazy\" title=\"SAVIOR - Daniel Dahlqvist\" width=\"500\" height=\"281\" src=\"https:\/\/www.youtube.com\/embed\/GRXYUVauM0A?feature=oembed\" frameborder=\"0\" allow=\"accelerometer; autoplay; clipboard-write; encrypted-media; gyroscope; picture-in-picture; web-share\" referrerpolicy=\"strict-origin-when-cross-origin\" allowfullscreen><\/iframe><\/div>\n","protected":false},"excerpt":{"rendered":"<p>Efter en l\u00e5ng musikalisk tystnad har Malm\u00f6bon\u00a0Daniel Dahlqvist\u00a0sl\u00e4ppt ifr\u00e5n sig ett riktigt sp\u00e4nnande musikaliskt projekt; The Zero Seveenteen Project. Med musik som \u00e4r sprungen ur b\u00e5de hopp, [&hellip;]<\/p>\n","protected":false},"author":15,"featured_media":0,"comment_status":"open","ping_status":"open","sticky":false,"template":"","format":"standard","meta":{"footnotes":"","_links_to":"","_links_to_target":""},"categories":[1],"tags":[],"class_list":["post-6337","post","type-post","status-publish","format-standard","hentry","category-musik"],"_links":{"self":[{"href":"http:\/\/blogg.varldenidag.se\/musik\/wp-json\/wp\/v2\/posts\/6337","targetHints":{"allow":["GET"]}}],"collection":[{"href":"http:\/\/blogg.varldenidag.se\/musik\/wp-json\/wp\/v2\/posts"}],"about":[{"href":"http:\/\/blogg.varldenidag.se\/musik\/wp-json\/wp\/v2\/types\/post"}],"author":[{"embeddable":true,"href":"http:\/\/blogg.varldenidag.se\/musik\/wp-json\/wp\/v2\/users\/15"}],"replies":[{"embeddable":true,"href":"http:\/\/blogg.varldenidag.se\/musik\/wp-json\/wp\/v2\/comments?post=6337"}],"version-history":[{"count":3,"href":"http:\/\/blogg.varldenidag.se\/musik\/wp-json\/wp\/v2\/posts\/6337\/revisions"}],"predecessor-version":[{"id":6366,"href":"http:\/\/blogg.varldenidag.se\/musik\/wp-json\/wp\/v2\/posts\/6337\/revisions\/6366"}],"wp:attachment":[{"href":"http:\/\/blogg.varldenidag.se\/musik\/wp-json\/wp\/v2\/media?parent=6337"}],"wp:term":[{"taxonomy":"category","embeddable":true,"href":"http:\/\/blogg.varldenidag.se\/musik\/wp-json\/wp\/v2\/categories?post=6337"},{"taxonomy":"post_tag","embeddable":true,"href":"http:\/\/blogg.varldenidag.se\/musik\/wp-json\/wp\/v2\/tags?post=6337"}],"curies":[{"name":"wp","href":"https:\/\/api.w.org\/{rel}","templated":true}]}}