{"id":6251,"date":"2021-09-03T00:31:54","date_gmt":"2021-09-02T22:31:54","guid":{"rendered":"http:\/\/blogg.varldenidag.se\/musik\/?p=6251"},"modified":"2021-09-02T12:55:04","modified_gmt":"2021-09-02T10:55:04","slug":"hostens-spellista-ar-har","status":"publish","type":"post","link":"http:\/\/blogg.varldenidag.se\/musik\/hostens-spellista-ar-har\/","title":{"rendered":"H\u00f6stens spellista \u00e4r h\u00e4r"},"content":{"rendered":"<p>Det \u00e4r officiellt h\u00f6stm\u00e5nad. Det \u00e4r allts\u00e5 dags att t\u00e4nda brasan, kratta h\u00f6stl\u00f6ven och f\u00f6rse sig med en kopp v\u00e4rmande te. Vi har fixat en spellista som lite extra bra ackompanjerar just detta: Vibe H\u00f6stmys. En spellista med sprakande bra l\u00e5tar som v\u00e4rmer b\u00e5de kropp och sj\u00e4l, helt enkelt.<\/p>\n<p>Pssst&#8230;. f\u00f6lj SOUNDSHINE p\u00e5 Spotify f\u00f6r en v\u00e4rld av spellistor!<\/p>\n<div class=\"video-container\"><iframe title=\"Spotify Embed: H\u00f6stmys\" style=\"border-radius: 12px\" width=\"100%\" height=\"352\" frameborder=\"0\" allowfullscreen allow=\"autoplay; clipboard-write; encrypted-media; fullscreen; picture-in-picture\" loading=\"lazy\" src=\"https:\/\/open.spotify.com\/embed\/playlist\/22AIIV597P3BFXELdbpytl?si=c9d45352baa14e5e&#038;utm_source=oembed\"><\/iframe><\/div>\n","protected":false},"excerpt":{"rendered":"<p>Det \u00e4r officiellt h\u00f6stm\u00e5nad. Det \u00e4r allts\u00e5 dags att t\u00e4nda brasan, kratta h\u00f6stl\u00f6ven och f\u00f6rse sig med en kopp v\u00e4rmande te. Vi har fixat en spellista som [&hellip;]<\/p>\n","protected":false},"author":15,"featured_media":0,"comment_status":"open","ping_status":"open","sticky":false,"template":"","format":"standard","meta":{"footnotes":"","_links_to":"","_links_to_target":""},"categories":[1],"tags":[],"class_list":["post-6251","post","type-post","status-publish","format-standard","hentry","category-musik"],"_links":{"self":[{"href":"http:\/\/blogg.varldenidag.se\/musik\/wp-json\/wp\/v2\/posts\/6251","targetHints":{"allow":["GET"]}}],"collection":[{"href":"http:\/\/blogg.varldenidag.se\/musik\/wp-json\/wp\/v2\/posts"}],"about":[{"href":"http:\/\/blogg.varldenidag.se\/musik\/wp-json\/wp\/v2\/types\/post"}],"author":[{"embeddable":true,"href":"http:\/\/blogg.varldenidag.se\/musik\/wp-json\/wp\/v2\/users\/15"}],"replies":[{"embeddable":true,"href":"http:\/\/blogg.varldenidag.se\/musik\/wp-json\/wp\/v2\/comments?post=6251"}],"version-history":[{"count":2,"href":"http:\/\/blogg.varldenidag.se\/musik\/wp-json\/wp\/v2\/posts\/6251\/revisions"}],"predecessor-version":[{"id":6261,"href":"http:\/\/blogg.varldenidag.se\/musik\/wp-json\/wp\/v2\/posts\/6251\/revisions\/6261"}],"wp:attachment":[{"href":"http:\/\/blogg.varldenidag.se\/musik\/wp-json\/wp\/v2\/media?parent=6251"}],"wp:term":[{"taxonomy":"category","embeddable":true,"href":"http:\/\/blogg.varldenidag.se\/musik\/wp-json\/wp\/v2\/categories?post=6251"},{"taxonomy":"post_tag","embeddable":true,"href":"http:\/\/blogg.varldenidag.se\/musik\/wp-json\/wp\/v2\/tags?post=6251"}],"curies":[{"name":"wp","href":"https:\/\/api.w.org\/{rel}","templated":true}]}}