{"id":6233,"date":"2021-09-04T00:13:18","date_gmt":"2021-09-03T22:13:18","guid":{"rendered":"http:\/\/blogg.varldenidag.se\/musik\/?p=6233"},"modified":"2021-09-02T12:55:39","modified_gmt":"2021-09-02T10:55:39","slug":"lovsangsrock-fran-powell","status":"publish","type":"post","link":"http:\/\/blogg.varldenidag.se\/musik\/lovsangsrock-fran-powell\/","title":{"rendered":"Lovs\u00e5ngsrock fr\u00e5n Powell"},"content":{"rendered":"<p>Ska du n\u00e4mna ett av de allra st\u00f6rsta och mest inflytelserika kristna banden genom tiderna \u00e4r det om\u00f6jligt att inte n\u00e4mna\u00a0<strong>Third Day.\u00a0<\/strong>Men bandet har sedan ett antal \u00e5r lagt musiken p\u00e5 hyllan \u2013 men det stoppar inte s\u00e5ngaren och frontfiguren\u00a0<strong>Mac Powell\u00a0<\/strong>fr\u00e5n att forts\u00e4tta med musiken p\u00e5 egen hand ist\u00e4llet.<\/p>\n<p>Genom \u00e5rens lopp har han droppat n\u00e5gra soloalbum, de flesta i country\/blues-stil, men n\u00e4r han nu sl\u00e4pper nytt \u00e4r det med ett ganska klassiskt\u00a0<strong>Third Day<\/strong>-sound. Singeln\u00a0<em>&#8221;The Center Of It All&#8221;\u00a0<\/em>skulle lika g\u00e4rna kunnat vara med p\u00e5 ett av bandets skivor \u2013 s\u00e5 bra \u00e4r den. Lovs\u00e5ngsrock i b\u00e4sta\u00a0<strong>Mac Powell<\/strong>-snitt! Imponerande.<\/p>\n<p><strong>Spotify-l\u00e4nk:\u00a0<\/strong><a href=\"https:\/\/open.spotify.com\/track\/5JYcvsaryO5IzhT8YIelL2?si=fddfc7d8cfaf4ca1\">https:\/\/open.spotify.com\/track\/5JYcvsaryO5IzhT8YIelL2?si=fddfc7d8cfaf4ca1<\/a><\/p>\n<p>https:\/\/www.youtube.com\/watch?v=B8kWHcDRWrQ<\/p>\n","protected":false},"excerpt":{"rendered":"<p>Ska du n\u00e4mna ett av de allra st\u00f6rsta och mest inflytelserika kristna banden genom tiderna \u00e4r det om\u00f6jligt att inte n\u00e4mna\u00a0Third Day.\u00a0Men bandet har sedan ett antal [&hellip;]<\/p>\n","protected":false},"author":15,"featured_media":0,"comment_status":"open","ping_status":"open","sticky":false,"template":"","format":"standard","meta":{"footnotes":"","_links_to":"","_links_to_target":""},"categories":[1],"tags":[],"class_list":["post-6233","post","type-post","status-publish","format-standard","hentry","category-musik"],"_links":{"self":[{"href":"http:\/\/blogg.varldenidag.se\/musik\/wp-json\/wp\/v2\/posts\/6233","targetHints":{"allow":["GET"]}}],"collection":[{"href":"http:\/\/blogg.varldenidag.se\/musik\/wp-json\/wp\/v2\/posts"}],"about":[{"href":"http:\/\/blogg.varldenidag.se\/musik\/wp-json\/wp\/v2\/types\/post"}],"author":[{"embeddable":true,"href":"http:\/\/blogg.varldenidag.se\/musik\/wp-json\/wp\/v2\/users\/15"}],"replies":[{"embeddable":true,"href":"http:\/\/blogg.varldenidag.se\/musik\/wp-json\/wp\/v2\/comments?post=6233"}],"version-history":[{"count":2,"href":"http:\/\/blogg.varldenidag.se\/musik\/wp-json\/wp\/v2\/posts\/6233\/revisions"}],"predecessor-version":[{"id":6262,"href":"http:\/\/blogg.varldenidag.se\/musik\/wp-json\/wp\/v2\/posts\/6233\/revisions\/6262"}],"wp:attachment":[{"href":"http:\/\/blogg.varldenidag.se\/musik\/wp-json\/wp\/v2\/media?parent=6233"}],"wp:term":[{"taxonomy":"category","embeddable":true,"href":"http:\/\/blogg.varldenidag.se\/musik\/wp-json\/wp\/v2\/categories?post=6233"},{"taxonomy":"post_tag","embeddable":true,"href":"http:\/\/blogg.varldenidag.se\/musik\/wp-json\/wp\/v2\/tags?post=6233"}],"curies":[{"name":"wp","href":"https:\/\/api.w.org\/{rel}","templated":true}]}}