{"id":6209,"date":"2021-08-31T00:14:47","date_gmt":"2021-08-30T22:14:47","guid":{"rendered":"http:\/\/blogg.varldenidag.se\/musik\/?p=6209"},"modified":"2021-08-11T11:17:37","modified_gmt":"2021-08-11T09:17:37","slug":"imponerande-ep-fran-stockholmstjejen","status":"publish","type":"post","link":"http:\/\/blogg.varldenidag.se\/musik\/imponerande-ep-fran-stockholmstjejen\/","title":{"rendered":"Imponerande EP fr\u00e5n Stockholmstjejen"},"content":{"rendered":"<p>26-\u00e5riga Stockholmstjejen\u00a0<strong>Maria Niklasson,\u00a0<\/strong>med r\u00f6tterna i Uppsala, b\u00e4r p\u00e5 en l\u00e4ngtan efter att s\u00e4tta kristen popmusik p\u00e5 kartan i Sverige \u2013 en vision som vi p\u00e5 Soundshine skriver under p\u00e5 varje dag i veckan!<\/p>\n<p>Det g\u00f6r hon genom att skriva, komponera och producera sin musik p\u00e5 egen hand, och resultatet imponerar starkt. Hennes debut-EP \u00e4r precis sl\u00e4ppt och hennes sound g\u00e5r p\u00e5 knock. Den rockiga\u00a0<em>&#8221;Freedom&#8221;\u00a0<\/em>v\u00e4lter sig fram med sin attityd,\u00a0<em>&#8221;Walk By Faith&#8221;\u00a0<\/em>bjuder p\u00e5 sk\u00f6nt gung och\u00a0<em>&#8221;Moving Forward&#8221;\u00a0<\/em>bjuder p\u00e5 sm\u00e4ktande toner i balladform. Gemensamt f\u00f6r l\u00e5tarna \u00e4r att de har riktigt bra texter, med djup och stort Jesusfokus. Missa inte denna EP!<\/p>\n<p><strong>Spotify-l\u00e4nk:\u00a0<\/strong><a href=\"https:\/\/open.spotify.com\/track\/3Y4sbun5hdcANWAeC2DbIO?si=b2d201d932f7401b\">https:\/\/open.spotify.com\/track\/3Y4sbun5hdcANWAeC2DbIO?si=b2d201d932f7401b<\/a><\/p>\n<div class=\"video-container\"><iframe loading=\"lazy\" title=\"Freedom\" width=\"500\" height=\"375\" src=\"https:\/\/www.youtube.com\/embed\/XqWYWYhyT84?feature=oembed\" frameborder=\"0\" allow=\"accelerometer; autoplay; clipboard-write; encrypted-media; gyroscope; picture-in-picture; web-share\" referrerpolicy=\"strict-origin-when-cross-origin\" allowfullscreen><\/iframe><\/div>\n","protected":false},"excerpt":{"rendered":"<p>26-\u00e5riga Stockholmstjejen\u00a0Maria Niklasson,\u00a0med r\u00f6tterna i Uppsala, b\u00e4r p\u00e5 en l\u00e4ngtan efter att s\u00e4tta kristen popmusik p\u00e5 kartan i Sverige \u2013 en vision som vi p\u00e5 Soundshine skriver [&hellip;]<\/p>\n","protected":false},"author":15,"featured_media":0,"comment_status":"open","ping_status":"open","sticky":false,"template":"","format":"standard","meta":{"footnotes":"","_links_to":"","_links_to_target":""},"categories":[1],"tags":[],"class_list":["post-6209","post","type-post","status-publish","format-standard","hentry","category-musik"],"_links":{"self":[{"href":"http:\/\/blogg.varldenidag.se\/musik\/wp-json\/wp\/v2\/posts\/6209","targetHints":{"allow":["GET"]}}],"collection":[{"href":"http:\/\/blogg.varldenidag.se\/musik\/wp-json\/wp\/v2\/posts"}],"about":[{"href":"http:\/\/blogg.varldenidag.se\/musik\/wp-json\/wp\/v2\/types\/post"}],"author":[{"embeddable":true,"href":"http:\/\/blogg.varldenidag.se\/musik\/wp-json\/wp\/v2\/users\/15"}],"replies":[{"embeddable":true,"href":"http:\/\/blogg.varldenidag.se\/musik\/wp-json\/wp\/v2\/comments?post=6209"}],"version-history":[{"count":2,"href":"http:\/\/blogg.varldenidag.se\/musik\/wp-json\/wp\/v2\/posts\/6209\/revisions"}],"predecessor-version":[{"id":6223,"href":"http:\/\/blogg.varldenidag.se\/musik\/wp-json\/wp\/v2\/posts\/6209\/revisions\/6223"}],"wp:attachment":[{"href":"http:\/\/blogg.varldenidag.se\/musik\/wp-json\/wp\/v2\/media?parent=6209"}],"wp:term":[{"taxonomy":"category","embeddable":true,"href":"http:\/\/blogg.varldenidag.se\/musik\/wp-json\/wp\/v2\/categories?post=6209"},{"taxonomy":"post_tag","embeddable":true,"href":"http:\/\/blogg.varldenidag.se\/musik\/wp-json\/wp\/v2\/tags?post=6209"}],"curies":[{"name":"wp","href":"https:\/\/api.w.org\/{rel}","templated":true}]}}