{"id":6145,"date":"2021-06-02T23:24:39","date_gmt":"2021-06-02T21:24:39","guid":{"rendered":"http:\/\/blogg.varldenidag.se\/musik\/?p=6145"},"modified":"2021-06-08T11:41:41","modified_gmt":"2021-06-08T09:41:41","slug":"sommarens-spellista-ar-har","status":"publish","type":"post","link":"http:\/\/blogg.varldenidag.se\/musik\/sommarens-spellista-ar-har\/","title":{"rendered":"Sommarens spellista \u00e4r h\u00e4r!"},"content":{"rendered":"<p>Sommaren \u00e4r officiellt h\u00e4r &#8211; och med den kommer naturligtvis en uppdaterad favorit:\u00a0<strong>Summervibes!\u00a0<\/strong>Det h\u00e4r \u00e4r spellistan med sommarens b\u00e4sta l\u00e5tar, som kommer ackompanjera dig i h\u00e4ngmattan, solstolen och p\u00e5 stranden. Det b\u00e4sta av allt? Vi uppdaterar den med ny musik hela sommaren l\u00e5ng! Lyssna och njut!<\/p>\n<p>Psst&#8230; f\u00f6lj SOUNDSHINE p\u00e5 Spotify f\u00f6r en v\u00e4rld av spellistor!<\/p>\n<div class=\"video-container\"><iframe title=\"Spotify Embed: Summervibes 2024\" style=\"border-radius: 12px\" width=\"100%\" height=\"352\" frameborder=\"0\" allowfullscreen allow=\"autoplay; clipboard-write; encrypted-media; fullscreen; picture-in-picture\" loading=\"lazy\" src=\"https:\/\/open.spotify.com\/embed\/playlist\/64VrW1RAugIOtVArmRjVBs?si=c76b974bfa9b449f&#038;utm_source=oembed\"><\/iframe><\/div>\n","protected":false},"excerpt":{"rendered":"<p>Sommaren \u00e4r officiellt h\u00e4r &#8211; och med den kommer naturligtvis en uppdaterad favorit:\u00a0Summervibes!\u00a0Det h\u00e4r \u00e4r spellistan med sommarens b\u00e4sta l\u00e5tar, som kommer ackompanjera dig i h\u00e4ngmattan, solstolen [&hellip;]<\/p>\n","protected":false},"author":15,"featured_media":0,"comment_status":"open","ping_status":"open","sticky":false,"template":"","format":"standard","meta":{"footnotes":"","_links_to":"","_links_to_target":""},"categories":[1],"tags":[],"class_list":["post-6145","post","type-post","status-publish","format-standard","hentry","category-musik"],"_links":{"self":[{"href":"http:\/\/blogg.varldenidag.se\/musik\/wp-json\/wp\/v2\/posts\/6145","targetHints":{"allow":["GET"]}}],"collection":[{"href":"http:\/\/blogg.varldenidag.se\/musik\/wp-json\/wp\/v2\/posts"}],"about":[{"href":"http:\/\/blogg.varldenidag.se\/musik\/wp-json\/wp\/v2\/types\/post"}],"author":[{"embeddable":true,"href":"http:\/\/blogg.varldenidag.se\/musik\/wp-json\/wp\/v2\/users\/15"}],"replies":[{"embeddable":true,"href":"http:\/\/blogg.varldenidag.se\/musik\/wp-json\/wp\/v2\/comments?post=6145"}],"version-history":[{"count":2,"href":"http:\/\/blogg.varldenidag.se\/musik\/wp-json\/wp\/v2\/posts\/6145\/revisions"}],"predecessor-version":[{"id":6150,"href":"http:\/\/blogg.varldenidag.se\/musik\/wp-json\/wp\/v2\/posts\/6145\/revisions\/6150"}],"wp:attachment":[{"href":"http:\/\/blogg.varldenidag.se\/musik\/wp-json\/wp\/v2\/media?parent=6145"}],"wp:term":[{"taxonomy":"category","embeddable":true,"href":"http:\/\/blogg.varldenidag.se\/musik\/wp-json\/wp\/v2\/categories?post=6145"},{"taxonomy":"post_tag","embeddable":true,"href":"http:\/\/blogg.varldenidag.se\/musik\/wp-json\/wp\/v2\/tags?post=6145"}],"curies":[{"name":"wp","href":"https:\/\/api.w.org\/{rel}","templated":true}]}}