{"id":6129,"date":"2021-06-04T00:52:40","date_gmt":"2021-06-03T22:52:40","guid":{"rendered":"http:\/\/blogg.varldenidag.se\/musik\/?p=6129"},"modified":"2021-06-08T11:42:03","modified_gmt":"2021-06-08T09:42:03","slug":"skont-sound-fran-kalifornien","status":"publish","type":"post","link":"http:\/\/blogg.varldenidag.se\/musik\/skont-sound-fran-kalifornien\/","title":{"rendered":"Sk\u00f6nt sound fr\u00e5n Kalifornien"},"content":{"rendered":"<p>Neo-jazz, gospel, soul&#8230; ja, Kalifornientjejen\u00a0<strong>May Angeles\u00a0<\/strong>drar sig inte f\u00f6r att blanda stilar i sin musik, men hur hon \u00e4n v\u00e4ljer att g\u00f6ra s\u00e5 funkar det.<\/p>\n<p><strong>May\u00a0<\/strong>\u00e4r en s\u00e5n d\u00e4r artist som lite fr\u00e5n ingenstans dyker upp och sl\u00e4pper den ena bra l\u00e5ten efter den andra. Hennes\u00a0<em>&#8221;Never Wanna Go Back&#8221;\u00a0<\/em>g\u00e5r exempelvis inte att v\u00e4rja sig emot, man blir helt enkelt bara glad och rycks med. Lyssna bara p\u00e5 texten s\u00e5 f\u00f6rst\u00e5r du vad vi menar.<\/p>\n<p><strong>May\u00a0<\/strong>\u00e4r garanterat ett namn att placera i facket \u00f6ver stora talanger och framtidsnamn! Ett sound perfekt f\u00f6r sommaren, dessutom.<\/p>\n<p><strong>Spotify-l\u00e4nk: <\/strong><a href=\"https:\/\/open.spotify.com\/track\/6CUop28tecrP4AEsnKNpZ3?si=47ba31b3c6ff408c\">https:\/\/open.spotify.com\/track\/6CUop28tecrP4AEsnKNpZ3?si=47ba31b3c6ff408c<\/a><\/p>\n<div class=\"video-container\"><iframe loading=\"lazy\" title=\"&quot;Never Wanna Go Back&quot; by May Angeles (feat. People &amp; Songs)\" width=\"500\" height=\"281\" src=\"https:\/\/www.youtube.com\/embed\/hxDfjYAIt6o?feature=oembed\" frameborder=\"0\" allow=\"accelerometer; autoplay; clipboard-write; encrypted-media; gyroscope; picture-in-picture; web-share\" referrerpolicy=\"strict-origin-when-cross-origin\" allowfullscreen><\/iframe><\/div>\n","protected":false},"excerpt":{"rendered":"<p>Neo-jazz, gospel, soul&#8230; ja, Kalifornientjejen\u00a0May Angeles\u00a0drar sig inte f\u00f6r att blanda stilar i sin musik, men hur hon \u00e4n v\u00e4ljer att g\u00f6ra s\u00e5 funkar det. May\u00a0\u00e4r en [&hellip;]<\/p>\n","protected":false},"author":15,"featured_media":0,"comment_status":"open","ping_status":"open","sticky":false,"template":"","format":"standard","meta":{"footnotes":"","_links_to":"","_links_to_target":""},"categories":[1],"tags":[],"class_list":["post-6129","post","type-post","status-publish","format-standard","hentry","category-musik"],"_links":{"self":[{"href":"http:\/\/blogg.varldenidag.se\/musik\/wp-json\/wp\/v2\/posts\/6129","targetHints":{"allow":["GET"]}}],"collection":[{"href":"http:\/\/blogg.varldenidag.se\/musik\/wp-json\/wp\/v2\/posts"}],"about":[{"href":"http:\/\/blogg.varldenidag.se\/musik\/wp-json\/wp\/v2\/types\/post"}],"author":[{"embeddable":true,"href":"http:\/\/blogg.varldenidag.se\/musik\/wp-json\/wp\/v2\/users\/15"}],"replies":[{"embeddable":true,"href":"http:\/\/blogg.varldenidag.se\/musik\/wp-json\/wp\/v2\/comments?post=6129"}],"version-history":[{"count":2,"href":"http:\/\/blogg.varldenidag.se\/musik\/wp-json\/wp\/v2\/posts\/6129\/revisions"}],"predecessor-version":[{"id":6151,"href":"http:\/\/blogg.varldenidag.se\/musik\/wp-json\/wp\/v2\/posts\/6129\/revisions\/6151"}],"wp:attachment":[{"href":"http:\/\/blogg.varldenidag.se\/musik\/wp-json\/wp\/v2\/media?parent=6129"}],"wp:term":[{"taxonomy":"category","embeddable":true,"href":"http:\/\/blogg.varldenidag.se\/musik\/wp-json\/wp\/v2\/categories?post=6129"},{"taxonomy":"post_tag","embeddable":true,"href":"http:\/\/blogg.varldenidag.se\/musik\/wp-json\/wp\/v2\/tags?post=6129"}],"curies":[{"name":"wp","href":"https:\/\/api.w.org\/{rel}","templated":true}]}}