{"id":6127,"date":"2021-06-02T21:46:24","date_gmt":"2021-06-02T19:46:24","guid":{"rendered":"http:\/\/blogg.varldenidag.se\/musik\/?p=6127"},"modified":"2021-06-08T11:41:24","modified_gmt":"2021-06-08T09:41:24","slug":"stor-poptalang-fran-nashville","status":"publish","type":"post","link":"http:\/\/blogg.varldenidag.se\/musik\/stor-poptalang-fran-nashville\/","title":{"rendered":"Stor poptalang fr\u00e5n Nashville"},"content":{"rendered":"<p>Hon har redan \u00f6ppnat f\u00f6r band som\u00a0<strong>The Beach Boys\u00a0<\/strong>och\u00a0<strong>Switchfoot\u00a0<\/strong>och spelat p\u00e5 internationella musikfestivaler p\u00e5 bland annat Malta och i Israel &#8211; och d\u00e5 har hon \u00e4nd\u00e5 inte ens hunnit fylla 21 \u00e5r.<\/p>\n<p>Tja, mycket har h\u00e4nt f\u00f6r den unga talangen\u00a0<strong>Abby Robertson\u00a0<\/strong>fr\u00e5n Nashville, som s\u00e5 sent som i v\u00e5ras sl\u00e4ppte sin debutsingel. Den har nu f\u00f6ljts upp av underbart poppiga\u00a0<em>&#8221;Everyday&#8221;\u00a0<\/em>som vi inte kan f\u00e5 nog av. Vacker text och en refr\u00e4ng och f\u00f6rpackning som sitter som en sm\u00e4ck &#8211; det finns helt enkelt inga anledningar att inte lyssna!<\/p>\n<p>Var m\u00e5nne detta sluta,\u00a0<strong>Abby?<\/strong><\/p>\n<p><strong>Spotify-l\u00e4nk: <\/strong><a href=\"https:\/\/open.spotify.com\/track\/0FI7Uewd2FxJ56z5QXJMBW?si=fc134fb66f084d0e\">https:\/\/open.spotify.com\/track\/0FI7Uewd2FxJ56z5QXJMBW?si=fc134fb66f084d0e<\/a><\/p>\n<div class=\"video-container\"><iframe loading=\"lazy\" title=\"Abby Robertson - Everyday (Official Lyric Video)\" width=\"500\" height=\"281\" src=\"https:\/\/www.youtube.com\/embed\/iUOpZwYPLw4?feature=oembed\" frameborder=\"0\" allow=\"accelerometer; autoplay; clipboard-write; encrypted-media; gyroscope; picture-in-picture; web-share\" referrerpolicy=\"strict-origin-when-cross-origin\" allowfullscreen><\/iframe><\/div>\n","protected":false},"excerpt":{"rendered":"<p>Hon har redan \u00f6ppnat f\u00f6r band som\u00a0The Beach Boys\u00a0och\u00a0Switchfoot\u00a0och spelat p\u00e5 internationella musikfestivaler p\u00e5 bland annat Malta och i Israel &#8211; och d\u00e5 har hon \u00e4nd\u00e5 inte [&hellip;]<\/p>\n","protected":false},"author":15,"featured_media":0,"comment_status":"open","ping_status":"open","sticky":false,"template":"","format":"standard","meta":{"footnotes":"","_links_to":"","_links_to_target":""},"categories":[1],"tags":[],"class_list":["post-6127","post","type-post","status-publish","format-standard","hentry","category-musik"],"_links":{"self":[{"href":"http:\/\/blogg.varldenidag.se\/musik\/wp-json\/wp\/v2\/posts\/6127","targetHints":{"allow":["GET"]}}],"collection":[{"href":"http:\/\/blogg.varldenidag.se\/musik\/wp-json\/wp\/v2\/posts"}],"about":[{"href":"http:\/\/blogg.varldenidag.se\/musik\/wp-json\/wp\/v2\/types\/post"}],"author":[{"embeddable":true,"href":"http:\/\/blogg.varldenidag.se\/musik\/wp-json\/wp\/v2\/users\/15"}],"replies":[{"embeddable":true,"href":"http:\/\/blogg.varldenidag.se\/musik\/wp-json\/wp\/v2\/comments?post=6127"}],"version-history":[{"count":2,"href":"http:\/\/blogg.varldenidag.se\/musik\/wp-json\/wp\/v2\/posts\/6127\/revisions"}],"predecessor-version":[{"id":6149,"href":"http:\/\/blogg.varldenidag.se\/musik\/wp-json\/wp\/v2\/posts\/6127\/revisions\/6149"}],"wp:attachment":[{"href":"http:\/\/blogg.varldenidag.se\/musik\/wp-json\/wp\/v2\/media?parent=6127"}],"wp:term":[{"taxonomy":"category","embeddable":true,"href":"http:\/\/blogg.varldenidag.se\/musik\/wp-json\/wp\/v2\/categories?post=6127"},{"taxonomy":"post_tag","embeddable":true,"href":"http:\/\/blogg.varldenidag.se\/musik\/wp-json\/wp\/v2\/tags?post=6127"}],"curies":[{"name":"wp","href":"https:\/\/api.w.org\/{rel}","templated":true}]}}