{"id":6107,"date":"2021-05-20T15:36:23","date_gmt":"2021-05-20T13:36:23","guid":{"rendered":"http:\/\/blogg.varldenidag.se\/musik\/?p=6107"},"modified":"2021-05-20T16:16:15","modified_gmt":"2021-05-20T14:16:15","slug":"judah-akers-imponerar-med-ny-sololat","status":"publish","type":"post","link":"http:\/\/blogg.varldenidag.se\/musik\/judah-akers-imponerar-med-ny-sololat\/","title":{"rendered":"Judah Akers imponerar med ny solol\u00e5t"},"content":{"rendered":"<p>Det \u00e4r mycket nu f\u00f6r\u00a0<strong>Judah Akers.\u00a0<\/strong>Ut\u00f6ver att hans band\u00a0<strong>Judah &amp; The Lion\u00a0<\/strong>sl\u00e4pper ny musik titt som t\u00e4tt, s\u00e5 har han \u00e4ven gett sig ut p\u00e5 en musikalisk resa p\u00e5 egna ben med st\u00f6rre Jesusfokus &#8211; kort och gott under namnet\u00a0<strong>Judah.<\/strong><em>\u00a0L\u00e5tarna fr\u00e5n soloprojektet har duggat t\u00e4tt och har imponerat g\u00e5ng p\u00e5 g\u00e5ng, men hans nya &#8221;Be Loved&#8221;\u00a0<\/em>kan vi bara inte f\u00e5 nog av. Allts\u00e5, hur bra l\u00e5ter inte detta?<\/p>\n<p><em>&#8221;Be Loved&#8221;\u00a0<\/em>\u00e4r en m\u00e4ktig l\u00e5t med ett eget sound, som rent musikaliskt inte f\u00e4rdats s\u00e4rskilt m\u00e5nga mil bort fr\u00e5n hur det brukar n\u00e4r &#8221;The Lion&#8221; ocks\u00e5 \u00e4r inkopplade. Missa inte!<\/p>\n<p><strong>Spotify-l\u00e4nk: <\/strong><a href=\"https:\/\/open.spotify.com\/track\/47dsWynGcyOSdWW8ICDoYO?si=1efe010d09ae4ed3\">https:\/\/open.spotify.com\/track\/47dsWynGcyOSdWW8ICDoYO?si=1efe010d09ae4ed3<\/a><\/p>\n<div class=\"video-container\"><iframe loading=\"lazy\" title=\"JUDAH. - Be. loved. (Audio)\" width=\"500\" height=\"281\" src=\"https:\/\/www.youtube.com\/embed\/7I5G129O0B8?feature=oembed\" frameborder=\"0\" allow=\"accelerometer; autoplay; clipboard-write; encrypted-media; gyroscope; picture-in-picture; web-share\" referrerpolicy=\"strict-origin-when-cross-origin\" allowfullscreen><\/iframe><\/div>\n","protected":false},"excerpt":{"rendered":"<p>Det \u00e4r mycket nu f\u00f6r\u00a0Judah Akers.\u00a0Ut\u00f6ver att hans band\u00a0Judah &amp; The Lion\u00a0sl\u00e4pper ny musik titt som t\u00e4tt, s\u00e5 har han \u00e4ven gett sig ut p\u00e5 en musikalisk [&hellip;]<\/p>\n","protected":false},"author":15,"featured_media":0,"comment_status":"open","ping_status":"open","sticky":false,"template":"","format":"standard","meta":{"footnotes":"","_links_to":"","_links_to_target":""},"categories":[1],"tags":[],"class_list":["post-6107","post","type-post","status-publish","format-standard","hentry","category-musik"],"_links":{"self":[{"href":"http:\/\/blogg.varldenidag.se\/musik\/wp-json\/wp\/v2\/posts\/6107","targetHints":{"allow":["GET"]}}],"collection":[{"href":"http:\/\/blogg.varldenidag.se\/musik\/wp-json\/wp\/v2\/posts"}],"about":[{"href":"http:\/\/blogg.varldenidag.se\/musik\/wp-json\/wp\/v2\/types\/post"}],"author":[{"embeddable":true,"href":"http:\/\/blogg.varldenidag.se\/musik\/wp-json\/wp\/v2\/users\/15"}],"replies":[{"embeddable":true,"href":"http:\/\/blogg.varldenidag.se\/musik\/wp-json\/wp\/v2\/comments?post=6107"}],"version-history":[{"count":2,"href":"http:\/\/blogg.varldenidag.se\/musik\/wp-json\/wp\/v2\/posts\/6107\/revisions"}],"predecessor-version":[{"id":6119,"href":"http:\/\/blogg.varldenidag.se\/musik\/wp-json\/wp\/v2\/posts\/6107\/revisions\/6119"}],"wp:attachment":[{"href":"http:\/\/blogg.varldenidag.se\/musik\/wp-json\/wp\/v2\/media?parent=6107"}],"wp:term":[{"taxonomy":"category","embeddable":true,"href":"http:\/\/blogg.varldenidag.se\/musik\/wp-json\/wp\/v2\/categories?post=6107"},{"taxonomy":"post_tag","embeddable":true,"href":"http:\/\/blogg.varldenidag.se\/musik\/wp-json\/wp\/v2\/tags?post=6107"}],"curies":[{"name":"wp","href":"https:\/\/api.w.org\/{rel}","templated":true}]}}