{"id":6099,"date":"2021-05-15T00:52:25","date_gmt":"2021-05-14T22:52:25","guid":{"rendered":"http:\/\/blogg.varldenidag.se\/musik\/?p=6099"},"modified":"2021-05-12T15:27:31","modified_gmt":"2021-05-12T13:27:31","slug":"nytt-fran-needtobreathe","status":"publish","type":"post","link":"http:\/\/blogg.varldenidag.se\/musik\/nytt-fran-needtobreathe\/","title":{"rendered":"Nytt fr\u00e5n Needtobreathe"},"content":{"rendered":"<p>Knappt har h\u00f6stens album\u00a0<em>&#8221;Out Of Body&#8221;\u00a0<\/em>hunnit kallna fr\u00e5n skivpressarna innan\u00a0<strong>Needtobreathe\u00a0<\/strong>annonserade att ett nytt album kommer efter sommaren, Nu har bandet \u00e4ven sl\u00e4ppt f\u00f6rsta singeln, tillika titelsp\u00e5ret fr\u00e5n albumet,\u00a0<em>&#8221;Into The Mystery&#8221;.<\/em><\/p>\n<p>L\u00e5ten \u00e4r n\u00e5got s\u00e5 ovanligt som en l\u00e5t skriven enbart av s\u00e5ngaren <strong>Bear Rinehart,\u00a0<\/strong>som tidigare delade l\u00e5tskrivarsysslan i m\u00e5ngt och mycket med brorsan\u00a0<strong>Bo.\u00a0<\/strong>Efter att <strong>Bo\u00a0<\/strong>l\u00e4mnat bandet \u00e4r det nu allts\u00e5 bara\u00a0<strong>Bear\u00a0<\/strong>vid rodret, men att d\u00f6ma av nya singeln funkar \u00e4ven det alldeles utm\u00e4rkt!<\/p>\n<p><strong>Spotify-l\u00e4nk:\u00a0<\/strong><a href=\"https:\/\/open.spotify.com\/track\/7zUgIo1qgHuJ3LmeFxmqiN?si=75890a7755ef4bc1\">https:\/\/open.spotify.com\/track\/7zUgIo1qgHuJ3LmeFxmqiN?si=75890a7755ef4bc1<\/a><\/p>\n<div class=\"video-container\"><iframe loading=\"lazy\" title=\"NEEDTOBREATHE - &quot;Into The Mystery&quot; [Official Video]\" width=\"500\" height=\"281\" src=\"https:\/\/www.youtube.com\/embed\/ql8Qo4XLftM?feature=oembed\" frameborder=\"0\" allow=\"accelerometer; autoplay; clipboard-write; encrypted-media; gyroscope; picture-in-picture; web-share\" referrerpolicy=\"strict-origin-when-cross-origin\" allowfullscreen><\/iframe><\/div>\n","protected":false},"excerpt":{"rendered":"<p>Knappt har h\u00f6stens album\u00a0&#8221;Out Of Body&#8221;\u00a0hunnit kallna fr\u00e5n skivpressarna innan\u00a0Needtobreathe\u00a0annonserade att ett nytt album kommer efter sommaren, Nu har bandet \u00e4ven sl\u00e4ppt f\u00f6rsta singeln, tillika titelsp\u00e5ret fr\u00e5n [&hellip;]<\/p>\n","protected":false},"author":15,"featured_media":0,"comment_status":"open","ping_status":"open","sticky":false,"template":"","format":"standard","meta":{"footnotes":"","_links_to":"","_links_to_target":""},"categories":[1],"tags":[],"class_list":["post-6099","post","type-post","status-publish","format-standard","hentry","category-musik"],"_links":{"self":[{"href":"http:\/\/blogg.varldenidag.se\/musik\/wp-json\/wp\/v2\/posts\/6099","targetHints":{"allow":["GET"]}}],"collection":[{"href":"http:\/\/blogg.varldenidag.se\/musik\/wp-json\/wp\/v2\/posts"}],"about":[{"href":"http:\/\/blogg.varldenidag.se\/musik\/wp-json\/wp\/v2\/types\/post"}],"author":[{"embeddable":true,"href":"http:\/\/blogg.varldenidag.se\/musik\/wp-json\/wp\/v2\/users\/15"}],"replies":[{"embeddable":true,"href":"http:\/\/blogg.varldenidag.se\/musik\/wp-json\/wp\/v2\/comments?post=6099"}],"version-history":[{"count":3,"href":"http:\/\/blogg.varldenidag.se\/musik\/wp-json\/wp\/v2\/posts\/6099\/revisions"}],"predecessor-version":[{"id":6105,"href":"http:\/\/blogg.varldenidag.se\/musik\/wp-json\/wp\/v2\/posts\/6099\/revisions\/6105"}],"wp:attachment":[{"href":"http:\/\/blogg.varldenidag.se\/musik\/wp-json\/wp\/v2\/media?parent=6099"}],"wp:term":[{"taxonomy":"category","embeddable":true,"href":"http:\/\/blogg.varldenidag.se\/musik\/wp-json\/wp\/v2\/categories?post=6099"},{"taxonomy":"post_tag","embeddable":true,"href":"http:\/\/blogg.varldenidag.se\/musik\/wp-json\/wp\/v2\/tags?post=6099"}],"curies":[{"name":"wp","href":"https:\/\/api.w.org\/{rel}","templated":true}]}}