{"id":6097,"date":"2021-05-13T00:37:28","date_gmt":"2021-05-12T22:37:28","guid":{"rendered":"http:\/\/blogg.varldenidag.se\/musik\/?p=6097"},"modified":"2021-05-12T15:26:20","modified_gmt":"2021-05-12T13:26:20","slug":"ny-sololat-fran-latskrivaresset","status":"publish","type":"post","link":"http:\/\/blogg.varldenidag.se\/musik\/ny-sololat-fran-latskrivaresset\/","title":{"rendered":"Ny solol\u00e5t fr\u00e5n l\u00e5tskrivaresset"},"content":{"rendered":"<p>Han har skrivit l\u00e5tar \u00e5t artister som <strong>Andrea Bocelli<\/strong>, <strong>Barbra Streisand<\/strong> och <strong>Lauren Daigle<\/strong> och har en amerikansk grammy i sitt prissk\u00e5p f\u00f6r l\u00e5ten \u201d10 000 Reasons\u201d. Ja, \u00f6rebroaren <strong>Jonas Myrin<\/strong> har \u2013 minst sagt \u2013 haft en framg\u00e5ngsrik karri\u00e4r som l\u00e5tskrivare under de senaste \u00e5ren d\u00e4r han etablerat sig som ett av de riktigt stora l\u00e5tskrivarnamnen.<\/p>\n<p>Men parallellt med l\u00e5tskrivandet passar Jonas nu och d\u00e5 p\u00e5 att sl\u00e4ppa egen musik. Det har han gjort nu, i form av singeln \u201dFor The Ones We Love\u201d \u2013 och vi \u00e4lskar hur det l\u00e5ter! Det handlar om en lugn, n\u00e4stan lite Eurovisiondoftande ballad, kl\u00e4dd i en vacker text och med en imponerande s\u00e5nginsats fr\u00e5n Jonas sj\u00e4lv. Missa inte!<\/p>\n<p><strong>Spotify-l\u00e4nk:<\/strong> <a href=\"https:\/\/open.spotify.com\/track\/04SDrly80EKgl1vlnskm7J?si=bdf5fa632a9347ca\" target=\"_blank\" rel=\"noopener\">https:\/\/open.spotify.com\/track\/04SDrly80EKgl1vlnskm7J?si=bdf5fa632a9347ca<\/a><\/p>\n<div class=\"video-container\"><iframe loading=\"lazy\" title=\"Jonas Myrin - For the Ones We Love (Official Music Video)\" width=\"500\" height=\"281\" src=\"https:\/\/www.youtube.com\/embed\/2IcBgYl2zHA?feature=oembed\" frameborder=\"0\" allow=\"accelerometer; autoplay; clipboard-write; encrypted-media; gyroscope; picture-in-picture; web-share\" referrerpolicy=\"strict-origin-when-cross-origin\" allowfullscreen><\/iframe><\/div>\n","protected":false},"excerpt":{"rendered":"<p>Han har skrivit l\u00e5tar \u00e5t artister som Andrea Bocelli, Barbra Streisand och Lauren Daigle och har en amerikansk grammy i sitt prissk\u00e5p f\u00f6r l\u00e5ten \u201d10 000 Reasons\u201d. [&hellip;]<\/p>\n","protected":false},"author":15,"featured_media":0,"comment_status":"open","ping_status":"open","sticky":false,"template":"","format":"standard","meta":{"footnotes":"","_links_to":"","_links_to_target":""},"categories":[1],"tags":[],"class_list":["post-6097","post","type-post","status-publish","format-standard","hentry","category-musik"],"_links":{"self":[{"href":"http:\/\/blogg.varldenidag.se\/musik\/wp-json\/wp\/v2\/posts\/6097","targetHints":{"allow":["GET"]}}],"collection":[{"href":"http:\/\/blogg.varldenidag.se\/musik\/wp-json\/wp\/v2\/posts"}],"about":[{"href":"http:\/\/blogg.varldenidag.se\/musik\/wp-json\/wp\/v2\/types\/post"}],"author":[{"embeddable":true,"href":"http:\/\/blogg.varldenidag.se\/musik\/wp-json\/wp\/v2\/users\/15"}],"replies":[{"embeddable":true,"href":"http:\/\/blogg.varldenidag.se\/musik\/wp-json\/wp\/v2\/comments?post=6097"}],"version-history":[{"count":4,"href":"http:\/\/blogg.varldenidag.se\/musik\/wp-json\/wp\/v2\/posts\/6097\/revisions"}],"predecessor-version":[{"id":6103,"href":"http:\/\/blogg.varldenidag.se\/musik\/wp-json\/wp\/v2\/posts\/6097\/revisions\/6103"}],"wp:attachment":[{"href":"http:\/\/blogg.varldenidag.se\/musik\/wp-json\/wp\/v2\/media?parent=6097"}],"wp:term":[{"taxonomy":"category","embeddable":true,"href":"http:\/\/blogg.varldenidag.se\/musik\/wp-json\/wp\/v2\/categories?post=6097"},{"taxonomy":"post_tag","embeddable":true,"href":"http:\/\/blogg.varldenidag.se\/musik\/wp-json\/wp\/v2\/tags?post=6097"}],"curies":[{"name":"wp","href":"https:\/\/api.w.org\/{rel}","templated":true}]}}