{"id":6061,"date":"2021-04-21T00:24:46","date_gmt":"2021-04-20T22:24:46","guid":{"rendered":"http:\/\/blogg.varldenidag.se\/musik\/?p=6061"},"modified":"2021-04-21T14:30:47","modified_gmt":"2021-04-21T12:30:47","slug":"ett-nytt-stjarnskott-ar-har","status":"publish","type":"post","link":"http:\/\/blogg.varldenidag.se\/musik\/ett-nytt-stjarnskott-ar-har\/","title":{"rendered":"Ett nytt stj\u00e4rnskott \u00e4r h\u00e4r"},"content":{"rendered":"<p>En l\u00e5t. Det \u00e4r faktiskt vad 19-\u00e5riga Anne Wilson beh\u00f6vde f\u00f6r att p\u00e5 bara n\u00e5gra dagar bli ett namn p\u00e5 allas l\u00e4ppar. Kentuckytjejen g\u00e5r n\u00e4mligen p\u00e5 knock direkt med sin f\u00f6rsta singel,\u00a0<em>&#8221;My Jesus&#8221;,\u00a0<\/em>som \u00e4ven f\u00e5tt s\u00e4llskap i form av ytterligare tv\u00e5 l\u00e5tar.<\/p>\n<p>Egentligen dr\u00f6mde\u00a0<strong>Anne\u00a0<\/strong>om att bli astronaut &#8211; men n\u00e4r hennes storebror omkom i en bilolycka f\u00f6r fyra \u00e5r sedan f\u00f6r\u00e4ndrades allt. N\u00e4r ingen annan ville sjunga p\u00e5 hans begravning, st\u00e4llde hon sig upp och sj\u00f6ng lovs\u00e5ngen\u00a0<em>&#8221;What A Beautiful Name&#8221;\u00a0<\/em>och k\u00e4nde samtidigt hur Gud kallade henne till en tj\u00e4nst inom kristen musik.<\/p>\n<p>Resten \u00e4r historia: en inspelning med\u00a0<strong>Anne\u00a0<\/strong>d\u00e4r hon framf\u00f6r l\u00e5ten blev viral och gav henne flera skivbolagserbjudanden att v\u00e4lja mellan. Till slut f\u00f6ll valet p\u00e5 Sparrow Records, och nu \u00e4r resultatet h\u00e4r.<\/p>\n<p><em>&#8221;My Jesus&#8221;\u00a0<\/em>\u00e4r en fantastisk countrypopd\u00e4nga du inte f\u00e5r missa, skriven av\u00a0<strong>Anne\u00a0<\/strong>tillsammans med\u00a0<strong>Matthew West\u00a0<\/strong>och\u00a0<strong>Jeff Pardo.<\/strong><\/p>\n<p><strong>Spotify-l\u00e4nk:\u00a0<\/strong><a href=\"https:\/\/open.spotify.com\/track\/0KNvJzxdbslBddN27BEhfm?si=MNgFKip0Sj2rqlSc9xGB7A\">https:\/\/open.spotify.com\/track\/0KNvJzxdbslBddN27BEhfm?si=MNgFKip0Sj2rqlSc9xGB7A<\/a><\/p>\n<div class=\"video-container\"><iframe loading=\"lazy\" title=\"Anne Wilson - My Jesus (Official Music Video)\" width=\"500\" height=\"281\" src=\"https:\/\/www.youtube.com\/embed\/FW5o2uBeMWQ?feature=oembed\" frameborder=\"0\" allow=\"accelerometer; autoplay; clipboard-write; encrypted-media; gyroscope; picture-in-picture; web-share\" referrerpolicy=\"strict-origin-when-cross-origin\" allowfullscreen><\/iframe><\/div>\n","protected":false},"excerpt":{"rendered":"<p>En l\u00e5t. Det \u00e4r faktiskt vad 19-\u00e5riga Anne Wilson beh\u00f6vde f\u00f6r att p\u00e5 bara n\u00e5gra dagar bli ett namn p\u00e5 allas l\u00e4ppar. Kentuckytjejen g\u00e5r n\u00e4mligen p\u00e5 knock [&hellip;]<\/p>\n","protected":false},"author":15,"featured_media":0,"comment_status":"open","ping_status":"open","sticky":false,"template":"","format":"standard","meta":{"footnotes":"","_links_to":"","_links_to_target":""},"categories":[1],"tags":[],"class_list":["post-6061","post","type-post","status-publish","format-standard","hentry","category-musik"],"_links":{"self":[{"href":"http:\/\/blogg.varldenidag.se\/musik\/wp-json\/wp\/v2\/posts\/6061","targetHints":{"allow":["GET"]}}],"collection":[{"href":"http:\/\/blogg.varldenidag.se\/musik\/wp-json\/wp\/v2\/posts"}],"about":[{"href":"http:\/\/blogg.varldenidag.se\/musik\/wp-json\/wp\/v2\/types\/post"}],"author":[{"embeddable":true,"href":"http:\/\/blogg.varldenidag.se\/musik\/wp-json\/wp\/v2\/users\/15"}],"replies":[{"embeddable":true,"href":"http:\/\/blogg.varldenidag.se\/musik\/wp-json\/wp\/v2\/comments?post=6061"}],"version-history":[{"count":3,"href":"http:\/\/blogg.varldenidag.se\/musik\/wp-json\/wp\/v2\/posts\/6061\/revisions"}],"predecessor-version":[{"id":6064,"href":"http:\/\/blogg.varldenidag.se\/musik\/wp-json\/wp\/v2\/posts\/6061\/revisions\/6064"}],"wp:attachment":[{"href":"http:\/\/blogg.varldenidag.se\/musik\/wp-json\/wp\/v2\/media?parent=6061"}],"wp:term":[{"taxonomy":"category","embeddable":true,"href":"http:\/\/blogg.varldenidag.se\/musik\/wp-json\/wp\/v2\/categories?post=6061"},{"taxonomy":"post_tag","embeddable":true,"href":"http:\/\/blogg.varldenidag.se\/musik\/wp-json\/wp\/v2\/tags?post=6061"}],"curies":[{"name":"wp","href":"https:\/\/api.w.org\/{rel}","templated":true}]}}