{"id":6038,"date":"2021-04-19T00:09:30","date_gmt":"2021-04-18T22:09:30","guid":{"rendered":"http:\/\/blogg.varldenidag.se\/musik\/?p=6038"},"modified":"2021-04-07T10:43:22","modified_gmt":"2021-04-07T08:43:22","slug":"mullins-tillbaka-med-ny-pop","status":"publish","type":"post","link":"http:\/\/blogg.varldenidag.se\/musik\/mullins-tillbaka-med-ny-pop\/","title":{"rendered":"Mullins tillbaka med ny pop"},"content":{"rendered":"<p>F\u00f6r m\u00e5nga metalcorefans blev\u00a0<strong>Matty Mullins\u00a0<\/strong>ett v\u00e4lk\u00e4nt namn som s\u00e5ngare i det framg\u00e5ngsrika g\u00e4nget\u00a0<strong>Memphis May\u00a0Fire.\u00a0<\/strong>Men\u00a0<strong>Matty\u00a0<\/strong>har ocks\u00e5 en helt annan karri\u00e4r &#8211; som popartist p\u00e5 den kristna musikscenen. D\u00e4r har han \u00f6vertygat p\u00e5 b\u00e5de topplistor och radiostationer flera g\u00e5nger med sin klassiska CCM-pop.<\/p>\n<p>I just den f\u00e5ran \u00e4r han nu tillbaka med sin nya singel,\u00a0<em>&#8221;Show You The Cross&#8221;\u00a0<\/em>som sannolikt blir \u00e4nnu en lyckad historia f\u00f6r\u00a0<strong>Matty.\u00a0<\/strong>Lugn pop &#8211; med ett starkt budskap.<\/p>\n<p><strong>Spotify-l\u00e4nk:\u00a0<\/strong><a href=\"https:\/\/open.spotify.com\/track\/4QaE9aXZegxMyBNfsjuCRW?si=x4xGqJBzTCyX01TDkIy75w\">https:\/\/open.spotify.com\/track\/4QaE9aXZegxMyBNfsjuCRW?si=x4xGqJBzTCyX01TDkIy75w<\/a><\/p>\n<div class=\"video-container\"><iframe loading=\"lazy\" title=\"Matty Mullins - Show You the Cross (Official Music Video)\" width=\"500\" height=\"281\" src=\"https:\/\/www.youtube.com\/embed\/Q8rvtbPkuJY?feature=oembed\" frameborder=\"0\" allow=\"accelerometer; autoplay; clipboard-write; encrypted-media; gyroscope; picture-in-picture; web-share\" referrerpolicy=\"strict-origin-when-cross-origin\" allowfullscreen><\/iframe><\/div>\n","protected":false},"excerpt":{"rendered":"<p>F\u00f6r m\u00e5nga metalcorefans blev\u00a0Matty Mullins\u00a0ett v\u00e4lk\u00e4nt namn som s\u00e5ngare i det framg\u00e5ngsrika g\u00e4nget\u00a0Memphis May\u00a0Fire.\u00a0Men\u00a0Matty\u00a0har ocks\u00e5 en helt annan karri\u00e4r &#8211; som popartist p\u00e5 den kristna musikscenen. D\u00e4r [&hellip;]<\/p>\n","protected":false},"author":15,"featured_media":0,"comment_status":"open","ping_status":"open","sticky":false,"template":"","format":"standard","meta":{"footnotes":"","_links_to":"","_links_to_target":""},"categories":[1],"tags":[],"class_list":["post-6038","post","type-post","status-publish","format-standard","hentry","category-musik"],"_links":{"self":[{"href":"http:\/\/blogg.varldenidag.se\/musik\/wp-json\/wp\/v2\/posts\/6038","targetHints":{"allow":["GET"]}}],"collection":[{"href":"http:\/\/blogg.varldenidag.se\/musik\/wp-json\/wp\/v2\/posts"}],"about":[{"href":"http:\/\/blogg.varldenidag.se\/musik\/wp-json\/wp\/v2\/types\/post"}],"author":[{"embeddable":true,"href":"http:\/\/blogg.varldenidag.se\/musik\/wp-json\/wp\/v2\/users\/15"}],"replies":[{"embeddable":true,"href":"http:\/\/blogg.varldenidag.se\/musik\/wp-json\/wp\/v2\/comments?post=6038"}],"version-history":[{"count":2,"href":"http:\/\/blogg.varldenidag.se\/musik\/wp-json\/wp\/v2\/posts\/6038\/revisions"}],"predecessor-version":[{"id":6058,"href":"http:\/\/blogg.varldenidag.se\/musik\/wp-json\/wp\/v2\/posts\/6038\/revisions\/6058"}],"wp:attachment":[{"href":"http:\/\/blogg.varldenidag.se\/musik\/wp-json\/wp\/v2\/media?parent=6038"}],"wp:term":[{"taxonomy":"category","embeddable":true,"href":"http:\/\/blogg.varldenidag.se\/musik\/wp-json\/wp\/v2\/categories?post=6038"},{"taxonomy":"post_tag","embeddable":true,"href":"http:\/\/blogg.varldenidag.se\/musik\/wp-json\/wp\/v2\/tags?post=6038"}],"curies":[{"name":"wp","href":"https:\/\/api.w.org\/{rel}","templated":true}]}}