{"id":6003,"date":"2021-03-11T00:58:08","date_gmt":"2021-03-10T23:58:08","guid":{"rendered":"http:\/\/blogg.varldenidag.se\/musik\/?p=6003"},"modified":"2021-03-24T10:53:09","modified_gmt":"2021-03-24T09:53:09","slug":"dags-for-ett-traningspass","status":"publish","type":"post","link":"http:\/\/blogg.varldenidag.se\/musik\/dags-for-ett-traningspass\/","title":{"rendered":"Dags f\u00f6r ett tr\u00e4ningspass?"},"content":{"rendered":"<p>\u00c4r det dags f\u00f6r ett svettigt tr\u00e4ningspass? Bra! Hur och var du \u00e4n tr\u00e4nar s\u00e5 \u00e4r v\u00e5r spellista\u00a0<strong>Vibe Workout\u00a0<\/strong>den perfekta f\u00f6ljeslagaren! Grymma l\u00e5tar som \u00e4r som skapta f\u00f6r just ditt tr\u00e4ningspass!<\/p>\n<p>Psst&#8230; f\u00f6lj SOUNDSHINE p\u00e5 Spotify f\u00f6r en v\u00e4rld av spellistor!<\/p>\n<p>Mer info p\u00e5 <a href=\"http:\/\/www.soundshine.se\">www.soundshine.se<\/a><\/p>\n<div class=\"video-container\"><iframe title=\"Spotify Embed: Work Out!\" style=\"border-radius: 12px\" width=\"100%\" height=\"352\" frameborder=\"0\" allowfullscreen allow=\"autoplay; clipboard-write; encrypted-media; fullscreen; picture-in-picture\" loading=\"lazy\" src=\"https:\/\/open.spotify.com\/embed\/playlist\/4cFtdbnQB7NzqUVAQip9yG?si=ROSqP1XVSL6nXdSJxasB6w&#038;utm_source=oembed\"><\/iframe><\/div>\n","protected":false},"excerpt":{"rendered":"<p>\u00c4r det dags f\u00f6r ett svettigt tr\u00e4ningspass? Bra! Hur och var du \u00e4n tr\u00e4nar s\u00e5 \u00e4r v\u00e5r spellista\u00a0Vibe Workout\u00a0den perfekta f\u00f6ljeslagaren! Grymma l\u00e5tar som \u00e4r som skapta [&hellip;]<\/p>\n","protected":false},"author":15,"featured_media":0,"comment_status":"open","ping_status":"open","sticky":false,"template":"","format":"standard","meta":{"footnotes":"","_links_to":"","_links_to_target":""},"categories":[1],"tags":[],"class_list":["post-6003","post","type-post","status-publish","format-standard","hentry","category-musik"],"_links":{"self":[{"href":"http:\/\/blogg.varldenidag.se\/musik\/wp-json\/wp\/v2\/posts\/6003","targetHints":{"allow":["GET"]}}],"collection":[{"href":"http:\/\/blogg.varldenidag.se\/musik\/wp-json\/wp\/v2\/posts"}],"about":[{"href":"http:\/\/blogg.varldenidag.se\/musik\/wp-json\/wp\/v2\/types\/post"}],"author":[{"embeddable":true,"href":"http:\/\/blogg.varldenidag.se\/musik\/wp-json\/wp\/v2\/users\/15"}],"replies":[{"embeddable":true,"href":"http:\/\/blogg.varldenidag.se\/musik\/wp-json\/wp\/v2\/comments?post=6003"}],"version-history":[{"count":2,"href":"http:\/\/blogg.varldenidag.se\/musik\/wp-json\/wp\/v2\/posts\/6003\/revisions"}],"predecessor-version":[{"id":6006,"href":"http:\/\/blogg.varldenidag.se\/musik\/wp-json\/wp\/v2\/posts\/6003\/revisions\/6006"}],"wp:attachment":[{"href":"http:\/\/blogg.varldenidag.se\/musik\/wp-json\/wp\/v2\/media?parent=6003"}],"wp:term":[{"taxonomy":"category","embeddable":true,"href":"http:\/\/blogg.varldenidag.se\/musik\/wp-json\/wp\/v2\/categories?post=6003"},{"taxonomy":"post_tag","embeddable":true,"href":"http:\/\/blogg.varldenidag.se\/musik\/wp-json\/wp\/v2\/tags?post=6003"}],"curies":[{"name":"wp","href":"https:\/\/api.w.org\/{rel}","templated":true}]}}