{"id":597,"date":"2012-09-15T09:41:33","date_gmt":"2012-09-15T07:41:33","guid":{"rendered":"http:\/\/blogg.varldenidag.se\/musik\/?p=597"},"modified":"2012-09-15T09:41:33","modified_gmt":"2012-09-15T07:41:33","slug":"jonathan-johanssons-nya-projekt","status":"publish","type":"post","link":"http:\/\/blogg.varldenidag.se\/musik\/jonathan-johanssons-nya-projekt\/","title":{"rendered":"Jonathan Johanssons nya projekt"},"content":{"rendered":"<p><strong>Jonathan Johansson<\/strong>, som just lagt en intensiv turn\u00e9sommar bakom sig, kastar sig nu huvustupa in i teaterv\u00e4rlden. Tillsammans med sin producent och trumslagare, Johan Eckeborn, har han skrivit musiken till en upps\u00e4ttning av Dracula som har premi\u00e4r p\u00e5 Uppsala stadsteater om precis en vecka.\u00a0F\u00f6rutom att han bidrar med musik och sin s\u00e5ngr\u00f6st innehar han ocks\u00e5 en av huvudrollerna i f\u00f6rest\u00e4llningen.<\/p>\n<p>Teaterv\u00e4rlden \u00e4r han dock inte helt fr\u00e4mmande f\u00f6r. F\u00f6r n\u00e5gra \u00e5r sedan sj\u00f6ng han i en opera skriven av The Knife. Upps\u00e4ttningen turn\u00e9rade i Europa under 2009.<\/p>\n<p>SVT:s program Sverige! har i kv\u00e4llens program ett inslag om Jonathans nya roll, i vilket han \u00f6ppenhj\u00e4rtligt ber\u00e4ttar om sina tankar kring projektet.<\/p>\n","protected":false},"excerpt":{"rendered":"<p>Jonathan Johansson, som just lagt en intensiv turn\u00e9sommar bakom sig, kastar sig nu huvustupa in i teaterv\u00e4rlden. Tillsammans med sin producent och trumslagare, Johan Eckeborn, har han [&hellip;]<\/p>\n","protected":false},"author":14,"featured_media":0,"comment_status":"open","ping_status":"open","sticky":false,"template":"","format":"standard","meta":{"footnotes":"","_links_to":"","_links_to_target":""},"categories":[1],"tags":[76,144,154],"class_list":["post-597","post","type-post","status-publish","format-standard","hentry","category-musik","tag-johan-eckeborn","tag-jonathan-johan","tag-uppsala-stadsteater"],"_links":{"self":[{"href":"http:\/\/blogg.varldenidag.se\/musik\/wp-json\/wp\/v2\/posts\/597","targetHints":{"allow":["GET"]}}],"collection":[{"href":"http:\/\/blogg.varldenidag.se\/musik\/wp-json\/wp\/v2\/posts"}],"about":[{"href":"http:\/\/blogg.varldenidag.se\/musik\/wp-json\/wp\/v2\/types\/post"}],"author":[{"embeddable":true,"href":"http:\/\/blogg.varldenidag.se\/musik\/wp-json\/wp\/v2\/users\/14"}],"replies":[{"embeddable":true,"href":"http:\/\/blogg.varldenidag.se\/musik\/wp-json\/wp\/v2\/comments?post=597"}],"version-history":[{"count":3,"href":"http:\/\/blogg.varldenidag.se\/musik\/wp-json\/wp\/v2\/posts\/597\/revisions"}],"predecessor-version":[{"id":602,"href":"http:\/\/blogg.varldenidag.se\/musik\/wp-json\/wp\/v2\/posts\/597\/revisions\/602"}],"wp:attachment":[{"href":"http:\/\/blogg.varldenidag.se\/musik\/wp-json\/wp\/v2\/media?parent=597"}],"wp:term":[{"taxonomy":"category","embeddable":true,"href":"http:\/\/blogg.varldenidag.se\/musik\/wp-json\/wp\/v2\/categories?post=597"},{"taxonomy":"post_tag","embeddable":true,"href":"http:\/\/blogg.varldenidag.se\/musik\/wp-json\/wp\/v2\/tags?post=597"}],"curies":[{"name":"wp","href":"https:\/\/api.w.org\/{rel}","templated":true}]}}