{"id":5859,"date":"2021-01-22T00:30:42","date_gmt":"2021-01-21T23:30:42","guid":{"rendered":"http:\/\/blogg.varldenidag.se\/musik\/?p=5859"},"modified":"2021-01-19T11:46:27","modified_gmt":"2021-01-19T10:46:27","slug":"dubbelsingel-fran-rattviksensemble","status":"publish","type":"post","link":"http:\/\/blogg.varldenidag.se\/musik\/dubbelsingel-fran-rattviksensemble\/","title":{"rendered":"Dubbelsingel fr\u00e5n R\u00e4ttviksensemble"},"content":{"rendered":"<p>Bakom sig har\u00a0<strong>Anders Soldh\u00a0<\/strong>en 30 \u00e5r l\u00e5ng karri\u00e4r som bland annat komposit\u00f6r, tons\u00e4ttare och arrang\u00f6r p\u00e5 professionell niv\u00e5, b\u00e5de i Sverige och Frankrike. F\u00f6r n\u00e5gra \u00e5r sedan blev Anders fr\u00e4lst och fick sitt liv f\u00f6rvandlat \u2013 och efter det har han skapat en helt ny sju personer stark ensemble.<\/p>\n<p>Ensemblen, som har gjort det till sitt signum att b\u00e5de spela och vittna vid sina konserter, har redan hunnit bes\u00f6ka en rad platser och har ett stort hj\u00e4rta f\u00f6r att sprida evangeliet genom sin musik. Nu har de \u2013 \u00e4ntligen! \u2013 \u00e4ven sl\u00e4ppt sina f\u00f6rsta verk digitalt, s\u00e5 att du kan lyssna p\u00e5 deras musik om och om igen.<\/p>\n<p><strong>Anders\u00a0<\/strong>bakgrund som komposit\u00f6r m\u00e4rks i de genomarbetade arrangemangen och g\u00e4ngets drivkrafter lyser igenom i de fina texterna. Riktigt bra svensk kristen musik utlovas \u2013 missa inte\u00a0<strong>Anders Soldhs Ensemble<\/strong>!<\/p>\n<p><strong>Spotify-l\u00e4nk:\u00a0<\/strong><a href=\"https:\/\/open.spotify.com\/track\/6UzBJTbM4ad4PTgudHdxjf?si=oMGF77f5SrOqGRoSMqlyvA\">https:\/\/open.spotify.com\/track\/6UzBJTbM4ad4PTgudHdxjf?si=oMGF77f5SrOqGRoSMqlyvA<\/a><\/p>\n<div class=\"video-container\"><iframe loading=\"lazy\" title=\"Han v\u00e4ntar p\u00e5 dig\" width=\"500\" height=\"375\" src=\"https:\/\/www.youtube.com\/embed\/w8830DTcU8k?feature=oembed\" frameborder=\"0\" allow=\"accelerometer; autoplay; clipboard-write; encrypted-media; gyroscope; picture-in-picture; web-share\" referrerpolicy=\"strict-origin-when-cross-origin\" allowfullscreen><\/iframe><\/div>\n","protected":false},"excerpt":{"rendered":"<p>Bakom sig har\u00a0Anders Soldh\u00a0en 30 \u00e5r l\u00e5ng karri\u00e4r som bland annat komposit\u00f6r, tons\u00e4ttare och arrang\u00f6r p\u00e5 professionell niv\u00e5, b\u00e5de i Sverige och Frankrike. F\u00f6r n\u00e5gra \u00e5r sedan [&hellip;]<\/p>\n","protected":false},"author":15,"featured_media":0,"comment_status":"open","ping_status":"open","sticky":false,"template":"","format":"standard","meta":{"footnotes":"","_links_to":"","_links_to_target":""},"categories":[1],"tags":[],"class_list":["post-5859","post","type-post","status-publish","format-standard","hentry","category-musik"],"_links":{"self":[{"href":"http:\/\/blogg.varldenidag.se\/musik\/wp-json\/wp\/v2\/posts\/5859","targetHints":{"allow":["GET"]}}],"collection":[{"href":"http:\/\/blogg.varldenidag.se\/musik\/wp-json\/wp\/v2\/posts"}],"about":[{"href":"http:\/\/blogg.varldenidag.se\/musik\/wp-json\/wp\/v2\/types\/post"}],"author":[{"embeddable":true,"href":"http:\/\/blogg.varldenidag.se\/musik\/wp-json\/wp\/v2\/users\/15"}],"replies":[{"embeddable":true,"href":"http:\/\/blogg.varldenidag.se\/musik\/wp-json\/wp\/v2\/comments?post=5859"}],"version-history":[{"count":2,"href":"http:\/\/blogg.varldenidag.se\/musik\/wp-json\/wp\/v2\/posts\/5859\/revisions"}],"predecessor-version":[{"id":5883,"href":"http:\/\/blogg.varldenidag.se\/musik\/wp-json\/wp\/v2\/posts\/5859\/revisions\/5883"}],"wp:attachment":[{"href":"http:\/\/blogg.varldenidag.se\/musik\/wp-json\/wp\/v2\/media?parent=5859"}],"wp:term":[{"taxonomy":"category","embeddable":true,"href":"http:\/\/blogg.varldenidag.se\/musik\/wp-json\/wp\/v2\/categories?post=5859"},{"taxonomy":"post_tag","embeddable":true,"href":"http:\/\/blogg.varldenidag.se\/musik\/wp-json\/wp\/v2\/tags?post=5859"}],"curies":[{"name":"wp","href":"https:\/\/api.w.org\/{rel}","templated":true}]}}