{"id":5855,"date":"2021-01-18T20:08:50","date_gmt":"2021-01-18T19:08:50","guid":{"rendered":"http:\/\/blogg.varldenidag.se\/musik\/?p=5855"},"modified":"2021-01-19T11:52:41","modified_gmt":"2021-01-19T10:52:41","slug":"vild-feststamning-med-planetboom","status":"publish","type":"post","link":"http:\/\/blogg.varldenidag.se\/musik\/vild-feststamning-med-planetboom\/","title":{"rendered":"Vild festst\u00e4mning med Planetboom"},"content":{"rendered":"<p>Vad skulle kunna passa b\u00e4ttre \u00e4n att dra ig\u00e5ng ett helt nytt \u00e5r med en l\u00e5t som \u00e4r helt vild och galen? Det \u00e4r\u00a0<strong>Planetboom\u00a0<\/strong>som ligger bakom vilda\u00a0<em>&#8221;Got Me Like&#8221;\u00a0<\/em>som sannolikt inte liknar s\u00e4rskilt mycket annat som fl\u00f6dar ur dina h\u00f6gtalare f\u00f6r tillf\u00e4llet.<\/p>\n<p><strong>Planetboom\u00a0<\/strong>\u00e4r ett kollektiv som \u00e4r sprunget ur den australiensiska r\u00f6relsen\u00a0<strong>Planetshakers\u00a0<\/strong>ungdomsarbete, och har d\u00e4rmed f\u00e5tt ett helt eget musikaliskt universum j\u00e4mf\u00f6rt med moderorganisationen. Ungef\u00e4r som\u00a0<strong>Hillsongs\u00a0<\/strong>ungdomliga projekt\u00a0<strong>Hillsong Young &amp; Free<\/strong>, men multiplicerat med n\u00e5gra tusen h\u00e4stkrafter till.<\/p>\n<p><strong>Planetboom\u00a0<\/strong>g\u00e5r sin helt egna v\u00e4g musikaliskt och resultatet blir en galen festst\u00e4mning, och vi undrar faktiskt om det ens \u00e4r m\u00f6jligt att INTE vrida upp volymen p\u00e5 max n\u00e4r det h\u00e4r b\u00f6rjar ljuda i h\u00f6gtalarna?\u00a0<em>&#8221;Got Me Like&#8221;\u00a0<\/em>\u00e4r en galen fest i stil med\u00a0<strong>FamilyForce5\u00a0<\/strong>och \u00e4r b\u00e5de det galnaste, vildaste och h\u00e4rligaste du kan lyssna p\u00e5 just nu. Missa inte!<\/p>\n<p><strong>Spotify-l\u00e4nk:<\/strong> <a href=\"https:\/\/open.spotify.com\/track\/0ioU0w6FR7KKGDy92XIJk2?si=Kwc_4rSbTnG-SyjgFzr9dw\">https:\/\/open.spotify.com\/track\/0ioU0w6FR7KKGDy92XIJk2?si=Kwc_4rSbTnG-SyjgFzr9dw<\/a><\/p>\n<div class=\"video-container\"><iframe loading=\"lazy\" title=\"GOT ME LIKE | Official Video | PLANETBOOM\" width=\"500\" height=\"281\" src=\"https:\/\/www.youtube.com\/embed\/c6kQvwY15kE?feature=oembed\" frameborder=\"0\" allow=\"accelerometer; autoplay; clipboard-write; encrypted-media; gyroscope; picture-in-picture; web-share\" referrerpolicy=\"strict-origin-when-cross-origin\" allowfullscreen><\/iframe><\/div>\n","protected":false},"excerpt":{"rendered":"<p>Vad skulle kunna passa b\u00e4ttre \u00e4n att dra ig\u00e5ng ett helt nytt \u00e5r med en l\u00e5t som \u00e4r helt vild och galen? Det \u00e4r\u00a0Planetboom\u00a0som ligger bakom vilda\u00a0&#8221;Got [&hellip;]<\/p>\n","protected":false},"author":15,"featured_media":0,"comment_status":"open","ping_status":"open","sticky":false,"template":"","format":"standard","meta":{"footnotes":"","_links_to":"","_links_to_target":""},"categories":[1],"tags":[],"class_list":["post-5855","post","type-post","status-publish","format-standard","hentry","category-musik"],"_links":{"self":[{"href":"http:\/\/blogg.varldenidag.se\/musik\/wp-json\/wp\/v2\/posts\/5855","targetHints":{"allow":["GET"]}}],"collection":[{"href":"http:\/\/blogg.varldenidag.se\/musik\/wp-json\/wp\/v2\/posts"}],"about":[{"href":"http:\/\/blogg.varldenidag.se\/musik\/wp-json\/wp\/v2\/types\/post"}],"author":[{"embeddable":true,"href":"http:\/\/blogg.varldenidag.se\/musik\/wp-json\/wp\/v2\/users\/15"}],"replies":[{"embeddable":true,"href":"http:\/\/blogg.varldenidag.se\/musik\/wp-json\/wp\/v2\/comments?post=5855"}],"version-history":[{"count":3,"href":"http:\/\/blogg.varldenidag.se\/musik\/wp-json\/wp\/v2\/posts\/5855\/revisions"}],"predecessor-version":[{"id":5891,"href":"http:\/\/blogg.varldenidag.se\/musik\/wp-json\/wp\/v2\/posts\/5855\/revisions\/5891"}],"wp:attachment":[{"href":"http:\/\/blogg.varldenidag.se\/musik\/wp-json\/wp\/v2\/media?parent=5855"}],"wp:term":[{"taxonomy":"category","embeddable":true,"href":"http:\/\/blogg.varldenidag.se\/musik\/wp-json\/wp\/v2\/categories?post=5855"},{"taxonomy":"post_tag","embeddable":true,"href":"http:\/\/blogg.varldenidag.se\/musik\/wp-json\/wp\/v2\/tags?post=5855"}],"curies":[{"name":"wp","href":"https:\/\/api.w.org\/{rel}","templated":true}]}}