{"id":5800,"date":"2020-12-29T00:31:33","date_gmt":"2020-12-28T23:31:33","guid":{"rendered":"http:\/\/blogg.varldenidag.se\/musik\/?p=5800"},"modified":"2020-12-14T10:34:46","modified_gmt":"2020-12-14T09:34:46","slug":"vibe-topp-20-2020-plats-3","status":"publish","type":"post","link":"http:\/\/blogg.varldenidag.se\/musik\/vibe-topp-20-2020-plats-3\/","title":{"rendered":"Vibe Topp 20 2020: Plats 3"},"content":{"rendered":"<p><em>Det \u00e4r dags igen! Vi r\u00e4knar, som traditionen bjuder, ner till det nya \u00e5ret genom att summera det g\u00e5ngna \u00e5rets allra b\u00e4sta l\u00e5tar. En sm\u00e5tt om\u00f6jlig uppgift &#8211; med massor av l\u00e5tar som inte ens ryms p\u00e5 listan men som alla f\u00f6rtj\u00e4nar att n\u00e4mnas. Men detta \u00e4r i alla fall ett f\u00f6rs\u00f6k att summera det allra b\u00e4sta med musik\u00e5ret 2020. Nu k\u00f6\u00f6\u00f6\u00f6\u00f6r vi!<\/em><\/p>\n<p><strong>Hillsong Young &amp; Free \u2013 Indescribable<br \/>\n<\/strong><\/p>\n<p>J\u00f6sses! Det \u00e4r sv\u00e5rt att s\u00e4ga annat efter att man f\u00f6rsta g\u00e5ngen f\u00e5tt uppleva denna p\u00e4rla fr\u00e5n det g\u00e5ngna \u00e5ret. Young &amp; Free har gjort det f\u00f6rr \u2013 hamnat h\u00f6gt p\u00e5 \u00e5rslistor allts\u00e5 \u2013 och h\u00e4r \u00e4r det en sansl\u00f6st smittande gitarrslinga och en av \u00e5rets allra b\u00e4sta texter som b\u00e4r fram dom p\u00e5 nytt till en pallplats. Det h\u00e4r kommer vi lyssna p\u00e5 \u00e4ven 2021. Och 2022. Och 2023.<\/p>\n<p>Ja, ni fattar sj\u00e4lva: det h\u00e4r ska ni inte missa.<\/p>\n<p><strong>Spotify-l\u00e4nk:<\/strong> <a href=\"https:\/\/open.spotify.com\/track\/6ciJtW61KlqZPf71Qlkzix?si=0kdr87XIS4yMLTC5zxK-kA\">https:\/\/open.spotify.com\/track\/6ciJtW61KlqZPf71Qlkzix?si=0kdr87XIS4yMLTC5zxK-kA<\/a><\/p>\n<div class=\"video-container\"><iframe loading=\"lazy\" title=\"Indescribable (Studio)\" width=\"500\" height=\"375\" src=\"https:\/\/www.youtube.com\/embed\/JMxcMZNvRcU?feature=oembed\" frameborder=\"0\" allow=\"accelerometer; autoplay; clipboard-write; encrypted-media; gyroscope; picture-in-picture; web-share\" referrerpolicy=\"strict-origin-when-cross-origin\" allowfullscreen><\/iframe><\/div>\n","protected":false},"excerpt":{"rendered":"<p>Det \u00e4r dags igen! Vi r\u00e4knar, som traditionen bjuder, ner till det nya \u00e5ret genom att summera det g\u00e5ngna \u00e5rets allra b\u00e4sta l\u00e5tar. En sm\u00e5tt om\u00f6jlig uppgift [&hellip;]<\/p>\n","protected":false},"author":15,"featured_media":0,"comment_status":"open","ping_status":"open","sticky":false,"template":"","format":"standard","meta":{"footnotes":"","_links_to":"","_links_to_target":""},"categories":[1],"tags":[],"class_list":["post-5800","post","type-post","status-publish","format-standard","hentry","category-musik"],"_links":{"self":[{"href":"http:\/\/blogg.varldenidag.se\/musik\/wp-json\/wp\/v2\/posts\/5800","targetHints":{"allow":["GET"]}}],"collection":[{"href":"http:\/\/blogg.varldenidag.se\/musik\/wp-json\/wp\/v2\/posts"}],"about":[{"href":"http:\/\/blogg.varldenidag.se\/musik\/wp-json\/wp\/v2\/types\/post"}],"author":[{"embeddable":true,"href":"http:\/\/blogg.varldenidag.se\/musik\/wp-json\/wp\/v2\/users\/15"}],"replies":[{"embeddable":true,"href":"http:\/\/blogg.varldenidag.se\/musik\/wp-json\/wp\/v2\/comments?post=5800"}],"version-history":[{"count":3,"href":"http:\/\/blogg.varldenidag.se\/musik\/wp-json\/wp\/v2\/posts\/5800\/revisions"}],"predecessor-version":[{"id":5832,"href":"http:\/\/blogg.varldenidag.se\/musik\/wp-json\/wp\/v2\/posts\/5800\/revisions\/5832"}],"wp:attachment":[{"href":"http:\/\/blogg.varldenidag.se\/musik\/wp-json\/wp\/v2\/media?parent=5800"}],"wp:term":[{"taxonomy":"category","embeddable":true,"href":"http:\/\/blogg.varldenidag.se\/musik\/wp-json\/wp\/v2\/categories?post=5800"},{"taxonomy":"post_tag","embeddable":true,"href":"http:\/\/blogg.varldenidag.se\/musik\/wp-json\/wp\/v2\/tags?post=5800"}],"curies":[{"name":"wp","href":"https:\/\/api.w.org\/{rel}","templated":true}]}}