{"id":579,"date":"2012-09-05T22:25:20","date_gmt":"2012-09-05T20:25:20","guid":{"rendered":"http:\/\/blogg.varldenidag.se\/musik\/?p=579"},"modified":"2012-09-05T22:29:42","modified_gmt":"2012-09-05T20:29:42","slug":"tobymac-toppar-billboard-lista","status":"publish","type":"post","link":"http:\/\/blogg.varldenidag.se\/musik\/tobymac-toppar-billboard-lista\/","title":{"rendered":"Tobymac toppar Billboard-lista"},"content":{"rendered":"<p>F\u00f6r f\u00f6rsta g\u00e5ngen sedan 1997 ligger ett kristet album etta p\u00e5 Billboard 200 \u2013 listan \u00f6ver de mest s\u00e4ljande albumen i USA. Det \u00e4r <strong>Tobymacs<\/strong> nya skiva <em>Eye on it<\/em> som i dag har placerat sig d\u00e4r.<\/p>\n<p>Enligt <a href=\"http:\/\/www.billboard.com\/news\/tobymac-earns-first-no-1-christian-album-1007930952.story#\/news\/tobymac-earns-first-no-1-christian-album-1007930952.story\">Billboards hemsida<\/a> har skivan redan s\u00e5lts i 69 000 exemplar. S\u00e5 responsen p\u00e5 det nya albumet har varit enorm.<\/p>\n<p>Det \u00e4r dock inte f\u00f6rsta g\u00e5ngen som Toby hamnar som topp tio p\u00e5 Billboard 200-listan. D\u00e4r har han varit tre g\u00e5nger tidigare plus minst en g\u00e5ng med <strong>dcTalk<\/strong>.<\/p>\n<p>Fantastiskt roligt!<\/p>\n","protected":false},"excerpt":{"rendered":"<p>F\u00f6r f\u00f6rsta g\u00e5ngen sedan 1997 ligger ett kristet album etta p\u00e5 Billboard 200 \u2013 listan \u00f6ver de mest s\u00e4ljande albumen i USA. Det \u00e4r Tobymacs nya skiva [&hellip;]<\/p>\n","protected":false},"author":14,"featured_media":580,"comment_status":"open","ping_status":"open","sticky":false,"template":"","format":"standard","meta":{"footnotes":"","_links_to":"","_links_to_target":""},"categories":[1],"tags":[153,148,13],"class_list":["post-579","post","type-post","status-publish","format-standard","has-post-thumbnail","hentry","category-musik","tag-billboard","tag-dctalk","tag-tobymac"],"_links":{"self":[{"href":"http:\/\/blogg.varldenidag.se\/musik\/wp-json\/wp\/v2\/posts\/579","targetHints":{"allow":["GET"]}}],"collection":[{"href":"http:\/\/blogg.varldenidag.se\/musik\/wp-json\/wp\/v2\/posts"}],"about":[{"href":"http:\/\/blogg.varldenidag.se\/musik\/wp-json\/wp\/v2\/types\/post"}],"author":[{"embeddable":true,"href":"http:\/\/blogg.varldenidag.se\/musik\/wp-json\/wp\/v2\/users\/14"}],"replies":[{"embeddable":true,"href":"http:\/\/blogg.varldenidag.se\/musik\/wp-json\/wp\/v2\/comments?post=579"}],"version-history":[{"count":7,"href":"http:\/\/blogg.varldenidag.se\/musik\/wp-json\/wp\/v2\/posts\/579\/revisions"}],"predecessor-version":[{"id":584,"href":"http:\/\/blogg.varldenidag.se\/musik\/wp-json\/wp\/v2\/posts\/579\/revisions\/584"}],"wp:featuredmedia":[{"embeddable":true,"href":"http:\/\/blogg.varldenidag.se\/musik\/wp-json\/wp\/v2\/media\/580"}],"wp:attachment":[{"href":"http:\/\/blogg.varldenidag.se\/musik\/wp-json\/wp\/v2\/media?parent=579"}],"wp:term":[{"taxonomy":"category","embeddable":true,"href":"http:\/\/blogg.varldenidag.se\/musik\/wp-json\/wp\/v2\/categories?post=579"},{"taxonomy":"post_tag","embeddable":true,"href":"http:\/\/blogg.varldenidag.se\/musik\/wp-json\/wp\/v2\/tags?post=579"}],"curies":[{"name":"wp","href":"https:\/\/api.w.org\/{rel}","templated":true}]}}