{"id":5782,"date":"2020-12-20T00:59:25","date_gmt":"2020-12-19T23:59:25","guid":{"rendered":"http:\/\/blogg.varldenidag.se\/musik\/?p=5782"},"modified":"2020-12-14T10:37:50","modified_gmt":"2020-12-14T09:37:50","slug":"vibe-topp-20-2020-plats-12","status":"publish","type":"post","link":"http:\/\/blogg.varldenidag.se\/musik\/vibe-topp-20-2020-plats-12\/","title":{"rendered":"Vibe Topp 20 2020: Plats 12"},"content":{"rendered":"<p><em>Det \u00e4r dags igen! Vi r\u00e4knar, som traditionen bjuder, ner till det nya \u00e5ret genom att summera det g\u00e5ngna \u00e5rets allra b\u00e4sta l\u00e5tar. En sm\u00e5tt om\u00f6jlig uppgift &#8211; med massor av l\u00e5tar som inte ens ryms p\u00e5 listan men som alla f\u00f6rtj\u00e4nar att n\u00e4mnas. Men detta \u00e4r i alla fall ett f\u00f6rs\u00f6k att summera det allra b\u00e4sta med musik\u00e5ret 2020. Nu k\u00f6\u00f6\u00f6\u00f6\u00f6r vi!<\/em><\/p>\n<p><strong>Sarah Reeves \u2013 Dance To It<\/strong><\/p>\n<p>Det vore helt om\u00f6jligt att summera 2020 utan att n\u00e4mna Sarah Reeves. Faktiskt. Ifjol kom hon p\u00e5 pallplats i denna nedr\u00e4kning, d\u00e5 med dansanta d\u00e4ngan \u201dWildside\u201d. I \u00e5r skulle vi egentligen kunna plocka vilken av l\u00e5tarna som helst fr\u00e5n hennes album \u201dLife Love &amp; Madness\u201d till denna topplista \u2013 f\u00f6r den \u00e4r rakt igenom bra. Skolboksexempel p\u00e5 hur modern pop ska och b\u00f6r l\u00e5ta under 2020 \u2013 och dessutom t\u00e4mligen dansant. Ingen galenskap \u2013 bara ren magi fr\u00e5n Nashvillestj\u00e4rnan Reeves.<\/p>\n<p><strong>Spotify-l\u00e4nk:<\/strong> <a href=\"https:\/\/open.spotify.com\/track\/0LjovS4WNj2ToKtCHhYcSj?si=UPZ2ac6sTHqEdB5uSS4tIA\">https:\/\/open.spotify.com\/track\/0LjovS4WNj2ToKtCHhYcSj?si=UPZ2ac6sTHqEdB5uSS4tIA<\/a><\/p>\n<div class=\"video-container\"><iframe loading=\"lazy\" title=\"Sarah Reeves - Dance To It (Official Music Video)\" width=\"500\" height=\"281\" src=\"https:\/\/www.youtube.com\/embed\/dX-jMVoUhyk?feature=oembed\" frameborder=\"0\" allow=\"accelerometer; autoplay; clipboard-write; encrypted-media; gyroscope; picture-in-picture; web-share\" referrerpolicy=\"strict-origin-when-cross-origin\" allowfullscreen><\/iframe><\/div>\n","protected":false},"excerpt":{"rendered":"<p>Det \u00e4r dags igen! Vi r\u00e4knar, som traditionen bjuder, ner till det nya \u00e5ret genom att summera det g\u00e5ngna \u00e5rets allra b\u00e4sta l\u00e5tar. En sm\u00e5tt om\u00f6jlig uppgift [&hellip;]<\/p>\n","protected":false},"author":15,"featured_media":0,"comment_status":"open","ping_status":"open","sticky":false,"template":"","format":"standard","meta":{"footnotes":"","_links_to":"","_links_to_target":""},"categories":[1],"tags":[],"class_list":["post-5782","post","type-post","status-publish","format-standard","hentry","category-musik"],"_links":{"self":[{"href":"http:\/\/blogg.varldenidag.se\/musik\/wp-json\/wp\/v2\/posts\/5782","targetHints":{"allow":["GET"]}}],"collection":[{"href":"http:\/\/blogg.varldenidag.se\/musik\/wp-json\/wp\/v2\/posts"}],"about":[{"href":"http:\/\/blogg.varldenidag.se\/musik\/wp-json\/wp\/v2\/types\/post"}],"author":[{"embeddable":true,"href":"http:\/\/blogg.varldenidag.se\/musik\/wp-json\/wp\/v2\/users\/15"}],"replies":[{"embeddable":true,"href":"http:\/\/blogg.varldenidag.se\/musik\/wp-json\/wp\/v2\/comments?post=5782"}],"version-history":[{"count":4,"href":"http:\/\/blogg.varldenidag.se\/musik\/wp-json\/wp\/v2\/posts\/5782\/revisions"}],"predecessor-version":[{"id":5841,"href":"http:\/\/blogg.varldenidag.se\/musik\/wp-json\/wp\/v2\/posts\/5782\/revisions\/5841"}],"wp:attachment":[{"href":"http:\/\/blogg.varldenidag.se\/musik\/wp-json\/wp\/v2\/media?parent=5782"}],"wp:term":[{"taxonomy":"category","embeddable":true,"href":"http:\/\/blogg.varldenidag.se\/musik\/wp-json\/wp\/v2\/categories?post=5782"},{"taxonomy":"post_tag","embeddable":true,"href":"http:\/\/blogg.varldenidag.se\/musik\/wp-json\/wp\/v2\/tags?post=5782"}],"curies":[{"name":"wp","href":"https:\/\/api.w.org\/{rel}","templated":true}]}}