{"id":5776,"date":"2020-12-17T00:50:24","date_gmt":"2020-12-16T23:50:24","guid":{"rendered":"http:\/\/blogg.varldenidag.se\/musik\/?p=5776"},"modified":"2020-12-14T10:20:29","modified_gmt":"2020-12-14T09:20:29","slug":"vibe-topp-20-2020-plats-15","status":"publish","type":"post","link":"http:\/\/blogg.varldenidag.se\/musik\/vibe-topp-20-2020-plats-15\/","title":{"rendered":"Vibe Topp 20 2020: Plats 15"},"content":{"rendered":"<p><em>Det \u00e4r dags igen! Vi r\u00e4knar, som traditionen bjuder, ner till det nya \u00e5ret genom att summera det g\u00e5ngna \u00e5rets allra b\u00e4sta l\u00e5tar. En sm\u00e5tt om\u00f6jlig uppgift &#8211; med massor av l\u00e5tar som inte ens ryms p\u00e5 listan men som alla f\u00f6rtj\u00e4nar att n\u00e4mnas. Men detta \u00e4r i alla fall ett f\u00f6rs\u00f6k att summera det allra b\u00e4sta med musik\u00e5ret 2020. Nu k\u00f6\u00f6\u00f6\u00f6\u00f6r vi!<\/em><\/p>\n<p><strong>Jordan Feliz \u2013 Glorify<\/strong><\/p>\n<p>Kungen av popklister, ja egentligen kungen av det mesta. F\u00f6r \u00e4r det n\u00e5got Jordan Feliz kan s\u00e5 \u00e4r det att skriva l\u00e5tar som \u00e4r om\u00f6jliga att inte \u00e4lska och som f\u00e5r dina h\u00f6gtalare att n\u00e4stan gl\u00f6da efter allt f\u00f6r m\u00e5nga lyssningar i str\u00e4ck. Hans \u201dGlorify\u201d var en s\u00e5n d\u00e4r l\u00e5t som vi g\u00e4rna spelade p\u00e5 lite extra h\u00f6g volym \u2026och lite extra m\u00e5nga g\u00e5nger. Briljant.<\/p>\n<p><strong>Spotify-l\u00e4nk:<\/strong> <a href=\"https:\/\/open.spotify.com\/track\/4FtxvQmm0kJPGCIQwaQ5eM?si=k0gQ9k3ZQb23w6L-IU0qTA\">https:\/\/open.spotify.com\/track\/4FtxvQmm0kJPGCIQwaQ5eM?si=k0gQ9k3ZQb23w6L-IU0qTA<\/a><\/p>\n<div class=\"video-container\"><iframe loading=\"lazy\" title=\"Jordan Feliz - &quot;Glorify&quot; (Official Lyric Video)\" width=\"500\" height=\"281\" src=\"https:\/\/www.youtube.com\/embed\/MkI-UTQD2-c?feature=oembed\" frameborder=\"0\" allow=\"accelerometer; autoplay; clipboard-write; encrypted-media; gyroscope; picture-in-picture; web-share\" referrerpolicy=\"strict-origin-when-cross-origin\" allowfullscreen><\/iframe><\/div>\n","protected":false},"excerpt":{"rendered":"<p>Det \u00e4r dags igen! Vi r\u00e4knar, som traditionen bjuder, ner till det nya \u00e5ret genom att summera det g\u00e5ngna \u00e5rets allra b\u00e4sta l\u00e5tar. En sm\u00e5tt om\u00f6jlig uppgift [&hellip;]<\/p>\n","protected":false},"author":15,"featured_media":0,"comment_status":"open","ping_status":"open","sticky":false,"template":"","format":"standard","meta":{"footnotes":"","_links_to":"","_links_to_target":""},"categories":[1],"tags":[],"class_list":["post-5776","post","type-post","status-publish","format-standard","hentry","category-musik"],"_links":{"self":[{"href":"http:\/\/blogg.varldenidag.se\/musik\/wp-json\/wp\/v2\/posts\/5776","targetHints":{"allow":["GET"]}}],"collection":[{"href":"http:\/\/blogg.varldenidag.se\/musik\/wp-json\/wp\/v2\/posts"}],"about":[{"href":"http:\/\/blogg.varldenidag.se\/musik\/wp-json\/wp\/v2\/types\/post"}],"author":[{"embeddable":true,"href":"http:\/\/blogg.varldenidag.se\/musik\/wp-json\/wp\/v2\/users\/15"}],"replies":[{"embeddable":true,"href":"http:\/\/blogg.varldenidag.se\/musik\/wp-json\/wp\/v2\/comments?post=5776"}],"version-history":[{"count":3,"href":"http:\/\/blogg.varldenidag.se\/musik\/wp-json\/wp\/v2\/posts\/5776\/revisions"}],"predecessor-version":[{"id":5812,"href":"http:\/\/blogg.varldenidag.se\/musik\/wp-json\/wp\/v2\/posts\/5776\/revisions\/5812"}],"wp:attachment":[{"href":"http:\/\/blogg.varldenidag.se\/musik\/wp-json\/wp\/v2\/media?parent=5776"}],"wp:term":[{"taxonomy":"category","embeddable":true,"href":"http:\/\/blogg.varldenidag.se\/musik\/wp-json\/wp\/v2\/categories?post=5776"},{"taxonomy":"post_tag","embeddable":true,"href":"http:\/\/blogg.varldenidag.se\/musik\/wp-json\/wp\/v2\/tags?post=5776"}],"curies":[{"name":"wp","href":"https:\/\/api.w.org\/{rel}","templated":true}]}}