{"id":5768,"date":"2020-12-13T00:24:24","date_gmt":"2020-12-12T23:24:24","guid":{"rendered":"http:\/\/blogg.varldenidag.se\/musik\/?p=5768"},"modified":"2020-12-14T10:39:40","modified_gmt":"2020-12-14T09:39:40","slug":"vibe-topp-20-2020-plats-19","status":"publish","type":"post","link":"http:\/\/blogg.varldenidag.se\/musik\/vibe-topp-20-2020-plats-19\/","title":{"rendered":"Vibe Topp 20 2020: Plats 19"},"content":{"rendered":"<p><em>Det \u00e4r dags igen! Vi r\u00e4knar, som traditionen bjuder, ner till det nya \u00e5ret genom att summera det g\u00e5ngna \u00e5rets allra b\u00e4sta l\u00e5tar. En sm\u00e5tt om\u00f6jlig uppgift &#8211; med massor av l\u00e5tar som inte ens ryms p\u00e5 listan men som alla f\u00f6rtj\u00e4nar att n\u00e4mnas. Men detta \u00e4r i alla fall ett f\u00f6rs\u00f6k att summera det allra b\u00e4sta med musik\u00e5ret 2020. Nu k\u00f6\u00f6\u00f6\u00f6\u00f6r vi!<\/em><\/p>\n<p><strong>Chris Tomlin &amp; Bear Rinehart \u2013 \u201dPower\u201d<\/strong><\/p>\n<p>Tv\u00e5 tunga namn p\u00e5 en och samma l\u00e5t kan v\u00e4l knappast g\u00e5 fel? Nej, det g\u00f6r det inte heller. Chris Tomlin samlade under \u00e5ret n\u00e5gra av sina musikaliska v\u00e4nner p\u00e5 en skiva med mycket countryk\u00e4nsla, men den h\u00e4r l\u00e5ten \u2013 som inte alls rotat sig lika l\u00e5ngt ner i countrymyllan \u2013 satte sig allra mest. Tv\u00e5 starka s\u00e5nginsatser och en stark 19:e plats h\u00e4r.<\/p>\n<p><strong>Spotify-l\u00e4nk:<\/strong> <a href=\"https:\/\/open.spotify.com\/track\/0AGM3L1E346dTkLcGMaEdv?si=O0vi6sFGT2OduU7slG-ETg\">https:\/\/open.spotify.com\/track\/0AGM3L1E346dTkLcGMaEdv?si=O0vi6sFGT2OduU7slG-ETg<\/a><\/p>\n<div class=\"video-container\"><iframe loading=\"lazy\" title=\"Chris Tomlin - Power (Audio) ft. Bear Rinehart of NEEDTOBREATHE\" width=\"500\" height=\"281\" src=\"https:\/\/www.youtube.com\/embed\/tbcgKtjkw44?feature=oembed\" frameborder=\"0\" allow=\"accelerometer; autoplay; clipboard-write; encrypted-media; gyroscope; picture-in-picture; web-share\" referrerpolicy=\"strict-origin-when-cross-origin\" allowfullscreen><\/iframe><\/div>\n","protected":false},"excerpt":{"rendered":"<p>Det \u00e4r dags igen! Vi r\u00e4knar, som traditionen bjuder, ner till det nya \u00e5ret genom att summera det g\u00e5ngna \u00e5rets allra b\u00e4sta l\u00e5tar. En sm\u00e5tt om\u00f6jlig uppgift [&hellip;]<\/p>\n","protected":false},"author":15,"featured_media":0,"comment_status":"open","ping_status":"open","sticky":false,"template":"","format":"standard","meta":{"footnotes":"","_links_to":"","_links_to_target":""},"categories":[1],"tags":[],"class_list":["post-5768","post","type-post","status-publish","format-standard","hentry","category-musik"],"_links":{"self":[{"href":"http:\/\/blogg.varldenidag.se\/musik\/wp-json\/wp\/v2\/posts\/5768","targetHints":{"allow":["GET"]}}],"collection":[{"href":"http:\/\/blogg.varldenidag.se\/musik\/wp-json\/wp\/v2\/posts"}],"about":[{"href":"http:\/\/blogg.varldenidag.se\/musik\/wp-json\/wp\/v2\/types\/post"}],"author":[{"embeddable":true,"href":"http:\/\/blogg.varldenidag.se\/musik\/wp-json\/wp\/v2\/users\/15"}],"replies":[{"embeddable":true,"href":"http:\/\/blogg.varldenidag.se\/musik\/wp-json\/wp\/v2\/comments?post=5768"}],"version-history":[{"count":3,"href":"http:\/\/blogg.varldenidag.se\/musik\/wp-json\/wp\/v2\/posts\/5768\/revisions"}],"predecessor-version":[{"id":5846,"href":"http:\/\/blogg.varldenidag.se\/musik\/wp-json\/wp\/v2\/posts\/5768\/revisions\/5846"}],"wp:attachment":[{"href":"http:\/\/blogg.varldenidag.se\/musik\/wp-json\/wp\/v2\/media?parent=5768"}],"wp:term":[{"taxonomy":"category","embeddable":true,"href":"http:\/\/blogg.varldenidag.se\/musik\/wp-json\/wp\/v2\/categories?post=5768"},{"taxonomy":"post_tag","embeddable":true,"href":"http:\/\/blogg.varldenidag.se\/musik\/wp-json\/wp\/v2\/tags?post=5768"}],"curies":[{"name":"wp","href":"https:\/\/api.w.org\/{rel}","templated":true}]}}