{"id":575,"date":"2012-09-03T21:27:59","date_gmt":"2012-09-03T19:27:59","guid":{"rendered":"http:\/\/blogg.varldenidag.se\/musik\/?p=575"},"modified":"2012-09-03T21:27:59","modified_gmt":"2012-09-03T19:27:59","slug":"gratis-musik-fran-charlie-peacock","status":"publish","type":"post","link":"http:\/\/blogg.varldenidag.se\/musik\/gratis-musik-fran-charlie-peacock\/","title":{"rendered":"Gratis musik fr\u00e5n Charlie Peacock"},"content":{"rendered":"<p>Gillar du producenten\/l\u00e5tskrivaren\/artisten <strong>Charlie Peacocks<\/strong> musik? D\u00e5 ska du absolut inte missa att ladda ner en gratis samling l\u00e5tar <a href=\"http:\/\/www.noisetrade.com\/charliepeacock\" target=\"_blank\">fr\u00e5n sajten Noisetrade<\/a>. D\u00e4r finns \u00e4ven tv\u00e5 sp\u00e5r fr\u00e5n hans nya skiva\u00a0<em>No man&#8217;s land<\/em> som sl\u00e4pps f\u00f6rst 2:a oktober.<\/p>\n<p>H\u00e4r ovan \u00e4r en video med den akustiska versionen av &#8221;In the light&#8221;, som \u00e4r en av l\u00e5tarna som kan laddas ner.<\/p>\n","protected":false},"excerpt":{"rendered":"<p>Gillar du producenten\/l\u00e5tskrivaren\/artisten Charlie Peacocks musik? D\u00e5 ska du absolut inte missa att ladda ner en gratis samling l\u00e5tar fr\u00e5n sajten Noisetrade. D\u00e4r finns \u00e4ven tv\u00e5 sp\u00e5r [&hellip;]<\/p>\n","protected":false},"author":14,"featured_media":576,"comment_status":"open","ping_status":"open","sticky":false,"template":"","format":"standard","meta":{"footnotes":"","_links_to":"","_links_to_target":""},"categories":[1],"tags":[73],"class_list":["post-575","post","type-post","status-publish","format-standard","has-post-thumbnail","hentry","category-musik","tag-charlie-peacock"],"_links":{"self":[{"href":"http:\/\/blogg.varldenidag.se\/musik\/wp-json\/wp\/v2\/posts\/575","targetHints":{"allow":["GET"]}}],"collection":[{"href":"http:\/\/blogg.varldenidag.se\/musik\/wp-json\/wp\/v2\/posts"}],"about":[{"href":"http:\/\/blogg.varldenidag.se\/musik\/wp-json\/wp\/v2\/types\/post"}],"author":[{"embeddable":true,"href":"http:\/\/blogg.varldenidag.se\/musik\/wp-json\/wp\/v2\/users\/14"}],"replies":[{"embeddable":true,"href":"http:\/\/blogg.varldenidag.se\/musik\/wp-json\/wp\/v2\/comments?post=575"}],"version-history":[{"count":2,"href":"http:\/\/blogg.varldenidag.se\/musik\/wp-json\/wp\/v2\/posts\/575\/revisions"}],"predecessor-version":[{"id":578,"href":"http:\/\/blogg.varldenidag.se\/musik\/wp-json\/wp\/v2\/posts\/575\/revisions\/578"}],"wp:featuredmedia":[{"embeddable":true,"href":"http:\/\/blogg.varldenidag.se\/musik\/wp-json\/wp\/v2\/media\/576"}],"wp:attachment":[{"href":"http:\/\/blogg.varldenidag.se\/musik\/wp-json\/wp\/v2\/media?parent=575"}],"wp:term":[{"taxonomy":"category","embeddable":true,"href":"http:\/\/blogg.varldenidag.se\/musik\/wp-json\/wp\/v2\/categories?post=575"},{"taxonomy":"post_tag","embeddable":true,"href":"http:\/\/blogg.varldenidag.se\/musik\/wp-json\/wp\/v2\/tags?post=575"}],"curies":[{"name":"wp","href":"https:\/\/api.w.org\/{rel}","templated":true}]}}