{"id":5747,"date":"2020-12-06T00:36:26","date_gmt":"2020-12-05T23:36:26","guid":{"rendered":"http:\/\/blogg.varldenidag.se\/musik\/?p=5747"},"modified":"2020-12-07T11:11:23","modified_gmt":"2020-12-07T10:11:23","slug":"spellistan-med-julens-basta","status":"publish","type":"post","link":"http:\/\/blogg.varldenidag.se\/musik\/spellistan-med-julens-basta\/","title":{"rendered":"Spellistan med julens b\u00e4sta!"},"content":{"rendered":"<p>Buff\u00e9n av julmusik tycks vara sm\u00e5tt o\u00e4ndlig \u2013 och fylls hela tiden p\u00e5. Men vi har hj\u00e4lpt dig p\u00e5 traven genom att skapa den helt nya spellistan\u00a0<strong>Best of Christmas \u2013\u00a0<\/strong>d\u00e4r vi samlat de d\u00e4r allra b\u00e4sta guldkornen som du bara inte f\u00e5r missa och inte kan leva utan. Ska du f\u00f6lja bara en spellista med julmusik \u00e4r det antagligen denna!<\/p>\n<p>Psst&#8230; f\u00f6lj\u00a0<strong>SOUNDSHINE\u00a0<\/strong>p\u00e5 Spotify f\u00f6r en v\u00e4rld av spellistor!<\/p>\n<div class=\"video-container\"><iframe title=\"Spotify Embed: Best Of Christmas\" style=\"border-radius: 12px\" width=\"100%\" height=\"352\" frameborder=\"0\" allowfullscreen allow=\"autoplay; clipboard-write; encrypted-media; fullscreen; picture-in-picture\" loading=\"lazy\" src=\"https:\/\/open.spotify.com\/embed\/playlist\/1Ewm79DYEOJBYVPoHkFOFb?si=I6yCp0P8RWi5MId04Y8zKA&#038;utm_source=oembed\"><\/iframe><\/div>\n","protected":false},"excerpt":{"rendered":"<p>Buff\u00e9n av julmusik tycks vara sm\u00e5tt o\u00e4ndlig \u2013 och fylls hela tiden p\u00e5. Men vi har hj\u00e4lpt dig p\u00e5 traven genom att skapa den helt nya spellistan\u00a0Best [&hellip;]<\/p>\n","protected":false},"author":15,"featured_media":0,"comment_status":"open","ping_status":"open","sticky":false,"template":"","format":"standard","meta":{"footnotes":"","_links_to":"","_links_to_target":""},"categories":[1],"tags":[],"class_list":["post-5747","post","type-post","status-publish","format-standard","hentry","category-musik"],"_links":{"self":[{"href":"http:\/\/blogg.varldenidag.se\/musik\/wp-json\/wp\/v2\/posts\/5747","targetHints":{"allow":["GET"]}}],"collection":[{"href":"http:\/\/blogg.varldenidag.se\/musik\/wp-json\/wp\/v2\/posts"}],"about":[{"href":"http:\/\/blogg.varldenidag.se\/musik\/wp-json\/wp\/v2\/types\/post"}],"author":[{"embeddable":true,"href":"http:\/\/blogg.varldenidag.se\/musik\/wp-json\/wp\/v2\/users\/15"}],"replies":[{"embeddable":true,"href":"http:\/\/blogg.varldenidag.se\/musik\/wp-json\/wp\/v2\/comments?post=5747"}],"version-history":[{"count":2,"href":"http:\/\/blogg.varldenidag.se\/musik\/wp-json\/wp\/v2\/posts\/5747\/revisions"}],"predecessor-version":[{"id":5761,"href":"http:\/\/blogg.varldenidag.se\/musik\/wp-json\/wp\/v2\/posts\/5747\/revisions\/5761"}],"wp:attachment":[{"href":"http:\/\/blogg.varldenidag.se\/musik\/wp-json\/wp\/v2\/media?parent=5747"}],"wp:term":[{"taxonomy":"category","embeddable":true,"href":"http:\/\/blogg.varldenidag.se\/musik\/wp-json\/wp\/v2\/categories?post=5747"},{"taxonomy":"post_tag","embeddable":true,"href":"http:\/\/blogg.varldenidag.se\/musik\/wp-json\/wp\/v2\/tags?post=5747"}],"curies":[{"name":"wp","href":"https:\/\/api.w.org\/{rel}","templated":true}]}}